{"id":22956,"date":"2025-03-07T16:15:31","date_gmt":"2025-03-07T19:15:31","guid":{"rendered":"https:\/\/coronelxavierchaves.mg.gov.br\/prefeitura\/?p=22956"},"modified":"2025-03-07T16:15:31","modified_gmt":"2025-03-07T19:15:31","slug":"contrato-pl-23-2025-contratacao-de-empresa-para-prestacao-de-servicos-de-confeccao-de-livretos-do-regimento-interno-da-camara-municipal-e-da-constituicao-do-municipio","status":"publish","type":"post","link":"https:\/\/coronelxavierchaves.mg.gov.br\/prefeitura\/2025\/03\/07\/contrato-pl-23-2025-contratacao-de-empresa-para-prestacao-de-servicos-de-confeccao-de-livretos-do-regimento-interno-da-camara-municipal-e-da-constituicao-do-municipio\/","title":{"rendered":"Contrato (PL 23\/2025) &#8211; Contrata\u00e7\u00e3o de empresa para presta\u00e7\u00e3o de servi\u00e7os de confec\u00e7\u00e3o de livretos do regimento interno da C\u00e2mara Municipal e da Constitui\u00e7\u00e3o do Munic\u00edpio"},"content":{"rendered":"<blockquote><p>DOWNLOADS<\/p><\/blockquote>\n<ul>\n<li><a href=\"https:\/\/coronelxavierchaves.mg.gov.br\/prefeitura\/wp-content\/uploads\/2025\/03\/CONTRATO-SENEGAL-23-2025.pdf\">CONTRATO<\/a>, publicado em 07\/03\/2025 \u00e0s 16:15h.<\/li>\n<\/ul>\n<blockquote><p>OBJETO<\/p><\/blockquote>\n<div style=\"text-align: justify;\"><b><span lang=\"PT\">CONTRATA\u00c7\u00c3O DE EMPRESA PARA PRESTA\u00c7\u00c3O DE SERVI\u00c7OS DE CONFEC\u00c7\u00c3O DE LIVRETOS DO REGIMENTO INTERNO DA C\u00c2MARA MUNICIPAL DE CORONEL XAVIER CHAVES (EDI\u00c7\u00c3O 2024)<\/span><\/b><span lang=\"PT\">\u00a0<b>E DA CONSTITUI\u00c7\u00c3O DO MUNIC\u00cdPIO DE CORONEL XAVIER CHAVES (EDI\u00c7\u00c3O 2024), PARA DISTRIBUI\u00c7\u00c3O CONFORME DISPOSTO NOS ART. 235 E 236 DO REGIMENTO INTERNO DA C\u00c2MARA MUNICIPAL.<\/b><\/span><\/div>\n<div><\/div>\n<div><\/div>\n<div class=\"printshowonly\">\n<p>*<b>PUBLICA\u00c7\u00c3O<\/b><\/p>\n<ul>\n<li>Um destaque desta publica\u00e7\u00e3o foi gerado na p\u00e1gina inicial do site, dispon\u00edvel at\u00e9 que demais publica\u00e7\u00f5es sejam realizadas.<\/li>\n<li>Uma publica\u00e7\u00e3o permanente foi feita na p\u00e1gina de Editais e Licita\u00e7\u00f5es.<\/li>\n<li>Link para acesso:\u00a0http:\/\/coronelxavierchaves.mg.gov.br\/prefeitura\/wp-json\/wp\/v2\/posts\/22956<\/li>\n<\/ul>\n<\/div>\n","protected":false},"excerpt":{"rendered":"<p>DOWNLOADS CONTRATO, publicado em 07\/03\/2025 \u00e0s 16:15h. OBJETO CONTRATA\u00c7\u00c3O DE EMPRESA PARA PRESTA\u00c7\u00c3O DE SERVI\u00c7OS DE CONFEC\u00c7\u00c3O DE LIVRETOS DO REGIMENTO INTERNO DA C\u00c2MARA MUNICIPAL DE CORONEL XAVIER CHAVES (EDI\u00c7\u00c3O 2024)\u00a0E DA CONSTITUI\u00c7\u00c3O DO MUNIC\u00cdPIO DE CORONEL XAVIER CHAVES (EDI\u00c7\u00c3O 2024), PARA DISTRIBUI\u00c7\u00c3O CONFORME DISPOSTO NOS ART. 235 E 236 DO REGIMENTO INTERNO DA C\u00c2MARA [&hellip;]<\/p>\n","protected":false},"author":3,"featured_media":4367,"comment_status":"open","ping_status":"open","sticky":false,"template":"","format":"standard","meta":{"footnotes":"","_links_to":"","_links_to_target":""},"categories":[139],"tags":[],"class_list":{"0":"post-22956","1":"post","2":"type-post","3":"status-publish","4":"format-standard","5":"has-post-thumbnail","7":"category-contratos-aditivos-atas-e-outros-2025"},"_links":{"self":[{"href":"https:\/\/coronelxavierchaves.mg.gov.br\/prefeitura\/wp-json\/wp\/v2\/posts\/22956","targetHints":{"allow":["GET"]}}],"collection":[{"href":"https:\/\/coronelxavierchaves.mg.gov.br\/prefeitura\/wp-json\/wp\/v2\/posts"}],"about":[{"href":"https:\/\/coronelxavierchaves.mg.gov.br\/prefeitura\/wp-json\/wp\/v2\/types\/post"}],"author":[{"embeddable":true,"href":"https:\/\/coronelxavierchaves.mg.gov.br\/prefeitura\/wp-json\/wp\/v2\/users\/3"}],"replies":[{"embeddable":true,"href":"https:\/\/coronelxavierchaves.mg.gov.br\/prefeitura\/wp-json\/wp\/v2\/comments?post=22956"}],"version-history":[{"count":1,"href":"https:\/\/coronelxavierchaves.mg.gov.br\/prefeitura\/wp-json\/wp\/v2\/posts\/22956\/revisions"}],"predecessor-version":[{"id":22958,"href":"https:\/\/coronelxavierchaves.mg.gov.br\/prefeitura\/wp-json\/wp\/v2\/posts\/22956\/revisions\/22958"}],"wp:featuredmedia":[{"embeddable":true,"href":"https:\/\/coronelxavierchaves.mg.gov.br\/prefeitura\/wp-json\/wp\/v2\/media\/4367"}],"wp:attachment":[{"href":"https:\/\/coronelxavierchaves.mg.gov.br\/prefeitura\/wp-json\/wp\/v2\/media?parent=22956"}],"wp:term":[{"taxonomy":"category","embeddable":true,"href":"https:\/\/coronelxavierchaves.mg.gov.br\/prefeitura\/wp-json\/wp\/v2\/categories?post=22956"},{"taxonomy":"post_tag","embeddable":true,"href":"https:\/\/coronelxavierchaves.mg.gov.br\/prefeitura\/wp-json\/wp\/v2\/tags?post=22956"}],"curies":[{"name":"wp","href":"https:\/\/api.w.org\/{rel}","templated":true}]}}