{"id":22968,"date":"2025-03-07T16:23:17","date_gmt":"2025-03-07T19:23:17","guid":{"rendered":"https:\/\/coronelxavierchaves.mg.gov.br\/prefeitura\/?p=22968"},"modified":"2025-03-07T16:23:17","modified_gmt":"2025-03-07T19:23:17","slug":"5o-termo-aditivo-pl-09-2021-contratacao-de-empresa-operadora-de-sistema-de-cartoes-de-abastecimento","status":"publish","type":"post","link":"https:\/\/coronelxavierchaves.mg.gov.br\/prefeitura\/2025\/03\/07\/5o-termo-aditivo-pl-09-2021-contratacao-de-empresa-operadora-de-sistema-de-cartoes-de-abastecimento\/","title":{"rendered":"5\u00ba Termo Aditivo (PL 09\/2021): Contrata\u00e7\u00e3o de empresa operadora de sistema de &#8220;Cart\u00f5es de Abastecimento&#8221;"},"content":{"rendered":"<blockquote><p>DOWNLOADS<\/p><\/blockquote>\n<ul>\n<li><a href=\"https:\/\/coronelxavierchaves.mg.gov.br\/prefeitura\/wp-content\/uploads\/2025\/03\/5o-ADITAMENTO-SERVICOS-ABASTECIMENTO-FROTA-09-2021.pdf\">5\u00ba ADITIVO<\/a>, publicado em 07\/03\/2025 \u00e0s 16:23h.<\/li>\n<\/ul>\n<blockquote><p>OBJETO<\/p><\/blockquote>\n<div style=\"text-align: justify;\">\n<div style=\"text-align: justify;\"><b><u>PRESTA\u00c7\u00c3O DE SERVI\u00c7OS DE GERENCIAMENTO DE ABASTECIMENTO DA FROTA DE VE\u00cdCULOS, MEDIANTE UTILIZA\u00c7\u00c3O DE CART\u00c3O ELETR\u00d4NICO, PARA AQUISI\u00c7\u00c3O DE COMBUST\u00cdVEIS (GASOLINA, \u00c1LCOOL E DIESEL), \u00d3LEOS LUBRIFICANTES E FILTROS AUTOMOTIVOS (\u00d3LEO E AR) PARA CONSUMO DE VE\u00cdCULOS DA FROTA MUNICIPAL<\/u>.<\/b><\/div>\n<div>\n<p>&nbsp;<\/p>\n<div class=\"printshowonly\">\n<p>*<b>PUBLICA\u00c7\u00c3O<\/b><\/p>\n<ul>\n<li>Um destaque desta publica\u00e7\u00e3o foi gerado na p\u00e1gina inicial do site, dispon\u00edvel at\u00e9 que demais publica\u00e7\u00f5es sejam realizadas.<\/li>\n<li>Uma publica\u00e7\u00e3o permanente foi feita na p\u00e1gina de Editais e Licita\u00e7\u00f5es.<\/li>\n<li>Link para acesso: http:\/\/coronelxavierchaves.mg.gov.br\/prefeitura\/wp-json\/wp\/v2\/posts\/22968<\/li>\n<\/ul>\n<\/div>\n<\/div>\n<\/div>\n","protected":false},"excerpt":{"rendered":"<p>DOWNLOADS 5\u00ba ADITIVO, publicado em 07\/03\/2025 \u00e0s 16:23h. OBJETO PRESTA\u00c7\u00c3O DE SERVI\u00c7OS DE GERENCIAMENTO DE ABASTECIMENTO DA FROTA DE VE\u00cdCULOS, MEDIANTE UTILIZA\u00c7\u00c3O DE CART\u00c3O ELETR\u00d4NICO, PARA AQUISI\u00c7\u00c3O DE COMBUST\u00cdVEIS (GASOLINA, \u00c1LCOOL E DIESEL), \u00d3LEOS LUBRIFICANTES E FILTROS AUTOMOTIVOS (\u00d3LEO E AR) PARA CONSUMO DE VE\u00cdCULOS DA FROTA MUNICIPAL. &nbsp; *PUBLICA\u00c7\u00c3O Um destaque desta publica\u00e7\u00e3o foi [&hellip;]<\/p>\n","protected":false},"author":3,"featured_media":4367,"comment_status":"open","ping_status":"open","sticky":false,"template":"","format":"standard","meta":{"footnotes":"","_links_to":"","_links_to_target":""},"categories":[139],"tags":[],"class_list":{"0":"post-22968","1":"post","2":"type-post","3":"status-publish","4":"format-standard","5":"has-post-thumbnail","7":"category-contratos-aditivos-atas-e-outros-2025"},"_links":{"self":[{"href":"https:\/\/coronelxavierchaves.mg.gov.br\/prefeitura\/wp-json\/wp\/v2\/posts\/22968","targetHints":{"allow":["GET"]}}],"collection":[{"href":"https:\/\/coronelxavierchaves.mg.gov.br\/prefeitura\/wp-json\/wp\/v2\/posts"}],"about":[{"href":"https:\/\/coronelxavierchaves.mg.gov.br\/prefeitura\/wp-json\/wp\/v2\/types\/post"}],"author":[{"embeddable":true,"href":"https:\/\/coronelxavierchaves.mg.gov.br\/prefeitura\/wp-json\/wp\/v2\/users\/3"}],"replies":[{"embeddable":true,"href":"https:\/\/coronelxavierchaves.mg.gov.br\/prefeitura\/wp-json\/wp\/v2\/comments?post=22968"}],"version-history":[{"count":1,"href":"https:\/\/coronelxavierchaves.mg.gov.br\/prefeitura\/wp-json\/wp\/v2\/posts\/22968\/revisions"}],"predecessor-version":[{"id":22970,"href":"https:\/\/coronelxavierchaves.mg.gov.br\/prefeitura\/wp-json\/wp\/v2\/posts\/22968\/revisions\/22970"}],"wp:featuredmedia":[{"embeddable":true,"href":"https:\/\/coronelxavierchaves.mg.gov.br\/prefeitura\/wp-json\/wp\/v2\/media\/4367"}],"wp:attachment":[{"href":"https:\/\/coronelxavierchaves.mg.gov.br\/prefeitura\/wp-json\/wp\/v2\/media?parent=22968"}],"wp:term":[{"taxonomy":"category","embeddable":true,"href":"https:\/\/coronelxavierchaves.mg.gov.br\/prefeitura\/wp-json\/wp\/v2\/categories?post=22968"},{"taxonomy":"post_tag","embeddable":true,"href":"https:\/\/coronelxavierchaves.mg.gov.br\/prefeitura\/wp-json\/wp\/v2\/tags?post=22968"}],"curies":[{"name":"wp","href":"https:\/\/api.w.org\/{rel}","templated":true}]}}