{"id":23004,"date":"2025-03-11T16:42:37","date_gmt":"2025-03-11T19:42:37","guid":{"rendered":"https:\/\/coronelxavierchaves.mg.gov.br\/prefeitura\/?p=23004"},"modified":"2025-03-11T16:45:55","modified_gmt":"2025-03-11T19:45:55","slug":"errata-e-edital-retificado-pl-27-2025-contratacao-de-entidade-especializada-na-inclusao-de-unidades-consumidoras-da-licitante-no-sistema-de-compensacao-de-energia-eletrica-scee","status":"publish","type":"post","link":"https:\/\/coronelxavierchaves.mg.gov.br\/prefeitura\/2025\/03\/11\/errata-e-edital-retificado-pl-27-2025-contratacao-de-entidade-especializada-na-inclusao-de-unidades-consumidoras-da-licitante-no-sistema-de-compensacao-de-energia-eletrica-scee\/","title":{"rendered":"[Errata e Edital retificado] (PL 27\/2025) &#8211; Contrata\u00e7\u00e3o De Entidade Especializada Na Inclus\u00e3o De Unidades Consumidoras Da Licitante No Sistema De Compensa\u00e7\u00e3o De Energia El\u00e9trica (Scee)&#8230;"},"content":{"rendered":"<blockquote><p>DOWNLOADS<\/p><\/blockquote>\n<ul>\n<li><a href=\"https:\/\/coronelxavierchaves.mg.gov.br\/prefeitura\/wp-content\/uploads\/2025\/03\/13-ERRATA.pdf\">ERRATA<\/a>, publicado em 11\/03\/2025 \u00e0s 16:33h.<\/li>\n<li><a href=\"https:\/\/coronelxavierchaves.mg.gov.br\/prefeitura\/wp-content\/uploads\/2025\/03\/14-EDITAL-RETIFICADO.pdf\">EDITAL RETIFICADO<\/a>, publicado em 11\/03\/2025 \u00e0s 16:34h.<\/li>\n<\/ul>\n<p>&nbsp;<\/p>\n<p style=\"text-align: center;\"><strong><u>AVISO DE LICITA\u00c7\u00c3O (RETIFICADO)<\/u><\/strong><\/p>\n<p style=\"text-align: justify;\">Prefeitura Municipal de Coronel Xavier Chaves\/MG. Aviso de Licita\u00e7\u00e3o &#8211; Processo Licitat\u00f3rio \u2013 27\/2025, Preg\u00e3o Eletr\u00f4nico \u2013 15\/2025, do tipo\u00a0<u>Maior Percentual de Desconto.\u00a0<\/u>Objeto:<strong>\u00a0\u00a0CONTRATA\u00c7\u00c3O DE ENTIDADE ESPECIALIZADA NA INCLUS\u00c3O DE UNIDADES CONSUMIDORAS DA LICITANTE NO SISTEMA DE COMPENSA\u00c7\u00c3O DE ENERGIA EL\u00c9TRICA (SCEE) POR MEIO DE LOCA\u00c7\u00c3O DE MINIGERA\u00c7\u00c3O DISTRIBU\u00cdDA DE ENERGIA EL\u00c9TRICA DE FONTE FOTOVOLTAICA, NA MODALIDADE GERA\u00c7\u00c3O COMPARTILHADA, CONFORME LEI 14.300\/2022 E RESOLU\u00c7\u00c3O NORMATIVA ANEEL N\u00ba 1000\/2021 E 1.059\/2023\u201d\u00a0.<\/strong>\u00a0Limite de acolhimento das propostas: dia 25\/03\/2025\u00a0\u00e0s 07h59min.\u00a0<strong>DISPUTA: 25\/03\/2025, \u00e0s 08h30min, na Plataforma LICITAPP<\/strong>,\u00a0<a href=\"https:\/\/coronelxavierchaves.licitapp.com.br\/\">https:\/\/coronelxavierchaves.licitapp.com.br\/\/<\/a>.\u00a0O edital est\u00e1 dispon\u00edvel no site\u00a0\u201c<a href=\"http:\/\/www.coronelxavierchaves.mg.gov.br\/\">www.coronelxavierchaves.mg.gov.br<\/a>&#8220;, mais informa\u00e7\u00f5es\u00a0na prefeitura municipal \u00e0 Rua Padre Reis, 84, Centro, Coronel Xavier Chaves\/MG, no hor\u00e1rio de 08h00min \u00e0s 12h00min e de 13h00min \u00e0s 16h00min. Tel.:\u00a0<a href=\"tel:%2832%29%203357-1235\">(32) 3216-1053<\/a>\/ (32) 9 9199-6496 (<em>Whatsapp<\/em>). Coronel Xavier Chaves, 11 de mar\u00e7o de\u00a02025. Juliana Jaques Camargos \u2013 Pregoeira.<\/p>\n<div>\n<blockquote><p>OBJETO<\/p><\/blockquote>\n<div style=\"text-align: justify;\">\n<div style=\"text-align: justify;\">\n<div style=\"text-align: justify;\">\n<p style=\"font-weight: 400;\"><strong>CONTRATA\u00c7\u00c3O DE ENTIDADE ESPECIALIZADA NA INCLUS\u00c3O DE UNIDADES CONSUMIDORAS DA LICITANTE NO SISTEMA DE COMPENSA\u00c7\u00c3O DE ENERGIA EL\u00c9TRICA (SCEE) POR MEIO DE LOCA\u00c7\u00c3O DE MINIGERA\u00c7\u00c3O DISTRIBU\u00cdDA DE ENERGIA EL\u00c9TRICA DE FONTE FOTOVOLTAICA, NA MODALIDADE GERA\u00c7\u00c3O COMPARTILHADA, CONFORME LEI 14.300\/2022 E RESOLU\u00c7\u00c3O NORMATIVA ANEEL N\u00ba 1000\/2021 E 1.059\/2023\u201d.<\/strong><\/p>\n<\/div>\n<div><\/div>\n<\/div>\n<\/div>\n<\/div>\n<div><\/div>\n<div class=\"printshowonly\">\n<p>*<b>PUBLICA\u00c7\u00c3O<\/b><\/p>\n<ul>\n<li>Um destaque desta publica\u00e7\u00e3o foi gerado na p\u00e1gina inicial do site, dispon\u00edvel at\u00e9 que demais publica\u00e7\u00f5es sejam realizadas.<\/li>\n<li>Uma publica\u00e7\u00e3o permanente foi feita na p\u00e1gina de Editais e Licita\u00e7\u00f5es.<\/li>\n<li>Link para acesso:\u00a0http:\/\/coronelxavierchaves.mg.gov.br\/prefeitura\/wp-json\/wp\/v2\/posts\/23004<\/li>\n<\/ul>\n<\/div>\n","protected":false},"excerpt":{"rendered":"<p>DOWNLOADS ERRATA, publicado em 11\/03\/2025 \u00e0s 16:33h. EDITAL RETIFICADO, publicado em 11\/03\/2025 \u00e0s 16:34h. &nbsp; AVISO DE LICITA\u00c7\u00c3O (RETIFICADO) Prefeitura Municipal de Coronel Xavier Chaves\/MG. Aviso de Licita\u00e7\u00e3o &#8211; Processo Licitat\u00f3rio \u2013 27\/2025, Preg\u00e3o Eletr\u00f4nico \u2013 15\/2025, do tipo\u00a0Maior Percentual de Desconto.\u00a0Objeto:\u00a0\u00a0CONTRATA\u00c7\u00c3O DE ENTIDADE ESPECIALIZADA NA INCLUS\u00c3O DE UNIDADES CONSUMIDORAS DA LICITANTE NO SISTEMA DE [&hellip;]<\/p>\n","protected":false},"author":8,"featured_media":4367,"comment_status":"open","ping_status":"open","sticky":false,"template":"","format":"standard","meta":{"footnotes":"","_links_to":"","_links_to_target":""},"categories":[141],"tags":[],"class_list":{"0":"post-23004","1":"post","2":"type-post","3":"status-publish","4":"format-standard","5":"has-post-thumbnail","7":"category-outras-publicacoes-2025"},"_links":{"self":[{"href":"https:\/\/coronelxavierchaves.mg.gov.br\/prefeitura\/wp-json\/wp\/v2\/posts\/23004","targetHints":{"allow":["GET"]}}],"collection":[{"href":"https:\/\/coronelxavierchaves.mg.gov.br\/prefeitura\/wp-json\/wp\/v2\/posts"}],"about":[{"href":"https:\/\/coronelxavierchaves.mg.gov.br\/prefeitura\/wp-json\/wp\/v2\/types\/post"}],"author":[{"embeddable":true,"href":"https:\/\/coronelxavierchaves.mg.gov.br\/prefeitura\/wp-json\/wp\/v2\/users\/8"}],"replies":[{"embeddable":true,"href":"https:\/\/coronelxavierchaves.mg.gov.br\/prefeitura\/wp-json\/wp\/v2\/comments?post=23004"}],"version-history":[{"count":2,"href":"https:\/\/coronelxavierchaves.mg.gov.br\/prefeitura\/wp-json\/wp\/v2\/posts\/23004\/revisions"}],"predecessor-version":[{"id":23009,"href":"https:\/\/coronelxavierchaves.mg.gov.br\/prefeitura\/wp-json\/wp\/v2\/posts\/23004\/revisions\/23009"}],"wp:featuredmedia":[{"embeddable":true,"href":"https:\/\/coronelxavierchaves.mg.gov.br\/prefeitura\/wp-json\/wp\/v2\/media\/4367"}],"wp:attachment":[{"href":"https:\/\/coronelxavierchaves.mg.gov.br\/prefeitura\/wp-json\/wp\/v2\/media?parent=23004"}],"wp:term":[{"taxonomy":"category","embeddable":true,"href":"https:\/\/coronelxavierchaves.mg.gov.br\/prefeitura\/wp-json\/wp\/v2\/categories?post=23004"},{"taxonomy":"post_tag","embeddable":true,"href":"https:\/\/coronelxavierchaves.mg.gov.br\/prefeitura\/wp-json\/wp\/v2\/tags?post=23004"}],"curies":[{"name":"wp","href":"https:\/\/api.w.org\/{rel}","templated":true}]}}