{"id":23012,"date":"2025-03-13T10:56:29","date_gmt":"2025-03-13T13:56:29","guid":{"rendered":"https:\/\/coronelxavierchaves.mg.gov.br\/prefeitura\/?p=23012"},"modified":"2025-03-13T10:56:29","modified_gmt":"2025-03-13T13:56:29","slug":"autorizacao-pa-37-2025-adesao-a-ata-de-registro-de-precos-no-61-2023-objetivando-a-prestacao-de-servicos-de-fechamento-de-bancadas-no-centro-municipal-de-educacao-infantil-primeiros-pass","status":"publish","type":"post","link":"https:\/\/coronelxavierchaves.mg.gov.br\/prefeitura\/2025\/03\/13\/autorizacao-pa-37-2025-adesao-a-ata-de-registro-de-precos-no-61-2023-objetivando-a-prestacao-de-servicos-de-fechamento-de-bancadas-no-centro-municipal-de-educacao-infantil-primeiros-pass\/","title":{"rendered":"Autoriza\u00e7\u00e3o (PL 37\/2025) &#8211; Ades\u00e3o \u00e0 Ata de Registro de Pre\u00e7os n\u00ba 61\/2023, objetivando a presta\u00e7\u00e3o de servi\u00e7os de fechamento de bancadas no Centro Municipal de Educa\u00e7\u00e3o Infantil \u201cPrimeiros Passos\u201d e Escola Municipal&#8230;"},"content":{"rendered":"<blockquote><p>DOWNLOADS<\/p><\/blockquote>\n<ul>\n<li><a href=\"https:\/\/coronelxavierchaves.mg.gov.br\/prefeitura\/wp-content\/uploads\/2025\/03\/14-AUTORIZACAO.pdf\">AUTORIZA\u00c7\u00c3O<\/a>, publicado em 12\/03\/2025 \u00e0s 19:28h.<\/li>\n<\/ul>\n<blockquote><p>OBJETO<\/p><\/blockquote>\n<div style=\"text-align: justify;\">\n<div style=\"text-align: justify;\">\n<p>Ades\u00e3o \u00e0 Ata de Registro de Pre\u00e7os n\u00ba 61\/2023, objetivando a presta\u00e7\u00e3o de servi\u00e7os de fechamento de bancadas no Centro Municipal de Educa\u00e7\u00e3o Infantil \u201cPrimeiros Passos\u201d e Escola Municipal \u201cSebasti\u00e3o Patr\u00edcio Pinto\u201d.<\/p>\n<p>&nbsp;<\/p>\n<\/div>\n<div>\n<div>\n<p>*<b>PUBLICA\u00c7\u00c3O<\/b><\/p>\n<ul>\n<li>Um destaque desta publica\u00e7\u00e3o foi gerado na p\u00e1gina inicial do site, dispon\u00edvel at\u00e9 que demais publica\u00e7\u00f5es sejam realizadas.<\/li>\n<li>Uma publica\u00e7\u00e3o permanente foi feita na p\u00e1gina de Editais e Licita\u00e7\u00f5es.<\/li>\n<li>Link para acesso:\u00a0http:\/\/coronelxavierchaves.mg.gov.br\/prefeitura\/wp-json\/wp\/v2\/posts\/23012<\/li>\n<\/ul>\n<\/div>\n<\/div>\n<\/div>\n","protected":false},"excerpt":{"rendered":"<p>DOWNLOADS AUTORIZA\u00c7\u00c3O, publicado em 12\/03\/2025 \u00e0s 19:28h. OBJETO Ades\u00e3o \u00e0 Ata de Registro de Pre\u00e7os n\u00ba 61\/2023, objetivando a presta\u00e7\u00e3o de servi\u00e7os de fechamento de bancadas no Centro Municipal de Educa\u00e7\u00e3o Infantil \u201cPrimeiros Passos\u201d e Escola Municipal \u201cSebasti\u00e3o Patr\u00edcio Pinto\u201d. &nbsp; *PUBLICA\u00c7\u00c3O Um destaque desta publica\u00e7\u00e3o foi gerado na p\u00e1gina inicial do site, dispon\u00edvel at\u00e9 [&hellip;]<\/p>\n","protected":false},"author":8,"featured_media":4367,"comment_status":"open","ping_status":"open","sticky":false,"template":"","format":"standard","meta":{"footnotes":"","_links_to":"","_links_to_target":""},"categories":[139],"tags":[],"class_list":{"0":"post-23012","1":"post","2":"type-post","3":"status-publish","4":"format-standard","5":"has-post-thumbnail","7":"category-contratos-aditivos-atas-e-outros-2025"},"_links":{"self":[{"href":"https:\/\/coronelxavierchaves.mg.gov.br\/prefeitura\/wp-json\/wp\/v2\/posts\/23012","targetHints":{"allow":["GET"]}}],"collection":[{"href":"https:\/\/coronelxavierchaves.mg.gov.br\/prefeitura\/wp-json\/wp\/v2\/posts"}],"about":[{"href":"https:\/\/coronelxavierchaves.mg.gov.br\/prefeitura\/wp-json\/wp\/v2\/types\/post"}],"author":[{"embeddable":true,"href":"https:\/\/coronelxavierchaves.mg.gov.br\/prefeitura\/wp-json\/wp\/v2\/users\/8"}],"replies":[{"embeddable":true,"href":"https:\/\/coronelxavierchaves.mg.gov.br\/prefeitura\/wp-json\/wp\/v2\/comments?post=23012"}],"version-history":[{"count":1,"href":"https:\/\/coronelxavierchaves.mg.gov.br\/prefeitura\/wp-json\/wp\/v2\/posts\/23012\/revisions"}],"predecessor-version":[{"id":23014,"href":"https:\/\/coronelxavierchaves.mg.gov.br\/prefeitura\/wp-json\/wp\/v2\/posts\/23012\/revisions\/23014"}],"wp:featuredmedia":[{"embeddable":true,"href":"https:\/\/coronelxavierchaves.mg.gov.br\/prefeitura\/wp-json\/wp\/v2\/media\/4367"}],"wp:attachment":[{"href":"https:\/\/coronelxavierchaves.mg.gov.br\/prefeitura\/wp-json\/wp\/v2\/media?parent=23012"}],"wp:term":[{"taxonomy":"category","embeddable":true,"href":"https:\/\/coronelxavierchaves.mg.gov.br\/prefeitura\/wp-json\/wp\/v2\/categories?post=23012"},{"taxonomy":"post_tag","embeddable":true,"href":"https:\/\/coronelxavierchaves.mg.gov.br\/prefeitura\/wp-json\/wp\/v2\/tags?post=23012"}],"curies":[{"name":"wp","href":"https:\/\/api.w.org\/{rel}","templated":true}]}}