{"id":23021,"date":"2025-03-13T11:50:29","date_gmt":"2025-03-13T14:50:29","guid":{"rendered":"https:\/\/coronelxavierchaves.mg.gov.br\/prefeitura\/?p=23021"},"modified":"2025-08-27T15:29:23","modified_gmt":"2025-08-27T18:29:23","slug":"aviso-de-credenciamento-e-edital-pa-35-2025-credenciamento-na-modalidade-de-contratacao-paralela-e-nao-excludente-de-interessados-em-realizar-o-fornecimento-de-refeicoes-para-pacientes-do-munici","status":"publish","type":"post","link":"https:\/\/coronelxavierchaves.mg.gov.br\/prefeitura\/2025\/03\/13\/aviso-de-credenciamento-e-edital-pa-35-2025-credenciamento-na-modalidade-de-contratacao-paralela-e-nao-excludente-de-interessados-em-realizar-o-fornecimento-de-refeicoes-para-pacientes-do-munici\/","title":{"rendered":"Aviso de Credenciamento e Edital (PA 35\/2025) &#8211; Credenciamento, na modalidade de contrata\u00e7\u00e3o paralela e n\u00e3o excludente, de interessados em realizar o fornecimento de refei\u00e7\u00f5es para pacientes do munic\u00edpio de Coronel Xavier Chaves\/MG em tratamento de hemodi\u00e1lise&#8230;"},"content":{"rendered":"<blockquote>\n<p style=\"text-align: center;\">DOWNLOADS<\/p>\n<\/blockquote>\n<ul>\n<li style=\"list-style-type: none;\">\n<ul>\n<li><a href=\"https:\/\/coronelxavierchaves.mg.gov.br\/prefeitura\/wp-content\/uploads\/2025\/03\/11-EDITAL.pdf\">EDITAL<\/a>, publicado em 12\/03\/2025 \u00e0s 19:42h.<\/li>\n<li><a href=\"https:\/\/coronelxavierchaves.mg.gov.br\/prefeitura\/wp-content\/uploads\/2025\/08\/CONTRATO-35-2025.pdf\">CONTRATO<\/a>, publicado em 27\/08\/2025 \u00e0s 15:29h.<\/li>\n<\/ul>\n<\/li>\n<\/ul>\n<p>&nbsp;<\/p>\n<p style=\"font-weight: 400; text-align: center;\"><strong>AVISO DE CREDENCIAMENTO<\/strong><\/p>\n<p style=\"font-weight: 400; text-align: justify;\">Credenciamento, na modalidade de contrata\u00e7\u00e3o paralela e n\u00e3o excludente, de interessados em realizar o fornecimento de refei\u00e7\u00f5es para pacientes do munic\u00edpio de Coronel Xavier Chaves\/MG em tratamento de hemodi\u00e1lise no munic\u00edpio de S\u00e3o Jo\u00e3o Del Rei\/MG.<\/p>\n<p>&nbsp;<\/p>\n<div class=\"printshowonly\">\n<p>*<b>PUBLICA\u00c7\u00c3O<\/b><\/p>\n<ul>\n<li>Um destaque desta publica\u00e7\u00e3o foi gerado na p\u00e1gina inicial do site, dispon\u00edvel at\u00e9 que demais publica\u00e7\u00f5es sejam realizadas.<\/li>\n<li>Uma publica\u00e7\u00e3o permanente foi feita na p\u00e1gina de Editais e Licita\u00e7\u00f5es.<\/li>\n<li>Link para acesso: http:\/\/coronelxavierchaves.mg.gov.br\/prefeitura\/wp-json\/wp\/v2\/posts\/23021<\/li>\n<\/ul>\n<\/div>\n","protected":false},"excerpt":{"rendered":"<p>DOWNLOADS EDITAL, publicado em 12\/03\/2025 \u00e0s 19:42h. CONTRATO, publicado em 27\/08\/2025 \u00e0s 15:29h. &nbsp; AVISO DE CREDENCIAMENTO Credenciamento, na modalidade de contrata\u00e7\u00e3o paralela e n\u00e3o excludente, de interessados em realizar o fornecimento de refei\u00e7\u00f5es para pacientes do munic\u00edpio de Coronel Xavier Chaves\/MG em tratamento de hemodi\u00e1lise no munic\u00edpio de S\u00e3o Jo\u00e3o Del Rei\/MG. &nbsp; *PUBLICA\u00c7\u00c3O [&hellip;]<\/p>\n","protected":false},"author":8,"featured_media":4366,"comment_status":"closed","ping_status":"closed","sticky":false,"template":"","format":"standard","meta":{"footnotes":"","_links_to":"","_links_to_target":""},"categories":[135],"tags":[],"class_list":{"0":"post-23021","1":"post","2":"type-post","3":"status-publish","4":"format-standard","5":"has-post-thumbnail","7":"category-editais-de-licitacao-2025"},"_links":{"self":[{"href":"https:\/\/coronelxavierchaves.mg.gov.br\/prefeitura\/wp-json\/wp\/v2\/posts\/23021","targetHints":{"allow":["GET"]}}],"collection":[{"href":"https:\/\/coronelxavierchaves.mg.gov.br\/prefeitura\/wp-json\/wp\/v2\/posts"}],"about":[{"href":"https:\/\/coronelxavierchaves.mg.gov.br\/prefeitura\/wp-json\/wp\/v2\/types\/post"}],"author":[{"embeddable":true,"href":"https:\/\/coronelxavierchaves.mg.gov.br\/prefeitura\/wp-json\/wp\/v2\/users\/8"}],"replies":[{"embeddable":true,"href":"https:\/\/coronelxavierchaves.mg.gov.br\/prefeitura\/wp-json\/wp\/v2\/comments?post=23021"}],"version-history":[{"count":3,"href":"https:\/\/coronelxavierchaves.mg.gov.br\/prefeitura\/wp-json\/wp\/v2\/posts\/23021\/revisions"}],"predecessor-version":[{"id":24886,"href":"https:\/\/coronelxavierchaves.mg.gov.br\/prefeitura\/wp-json\/wp\/v2\/posts\/23021\/revisions\/24886"}],"wp:featuredmedia":[{"embeddable":true,"href":"https:\/\/coronelxavierchaves.mg.gov.br\/prefeitura\/wp-json\/wp\/v2\/media\/4366"}],"wp:attachment":[{"href":"https:\/\/coronelxavierchaves.mg.gov.br\/prefeitura\/wp-json\/wp\/v2\/media?parent=23021"}],"wp:term":[{"taxonomy":"category","embeddable":true,"href":"https:\/\/coronelxavierchaves.mg.gov.br\/prefeitura\/wp-json\/wp\/v2\/categories?post=23021"},{"taxonomy":"post_tag","embeddable":true,"href":"https:\/\/coronelxavierchaves.mg.gov.br\/prefeitura\/wp-json\/wp\/v2\/tags?post=23021"}],"curies":[{"name":"wp","href":"https:\/\/api.w.org\/{rel}","templated":true}]}}