{"id":23027,"date":"2025-03-13T15:58:33","date_gmt":"2025-03-13T18:58:33","guid":{"rendered":"https:\/\/coronelxavierchaves.mg.gov.br\/prefeitura\/?p=23027"},"modified":"2026-03-30T15:33:11","modified_gmt":"2026-03-30T18:33:11","slug":"aviso-de-licitacao-pl-36-2025-contratacao-de-empresa-especializada-para-prestacao-de-servicos-profissionais-de-ensino-de-jiu-jitsu-no-municipio-de-coronel-xavier-chaves-mg","status":"publish","type":"post","link":"https:\/\/coronelxavierchaves.mg.gov.br\/prefeitura\/2025\/03\/13\/aviso-de-licitacao-pl-36-2025-contratacao-de-empresa-especializada-para-prestacao-de-servicos-profissionais-de-ensino-de-jiu-jitsu-no-municipio-de-coronel-xavier-chaves-mg\/","title":{"rendered":"Aviso de Licita\u00e7\u00e3o (PL 36\/2025) &#8211; Contrata\u00e7\u00e3o De Empresa Especializada Para Presta\u00e7\u00e3o De Servi\u00e7os Profissionais De Ensino De Jiu-Jitsu No Munic\u00edpio De Coronel Xavier Chaves\/MG."},"content":{"rendered":"<blockquote>\n<p style=\"text-align: center;\">DOWNLOADS<\/p>\n<\/blockquote>\n<ul>\n<li style=\"list-style-type: none;\">\n<ul>\n<li><a href=\"https:\/\/coronelxavierchaves.mg.gov.br\/prefeitura\/wp-content\/uploads\/2025\/03\/09-EDITAL-2.pdf\">EDITAL<\/a>, publicado em 13\/03\/2025 \u00e0s 15:57h.<\/li>\n<li><a href=\"https:\/\/coronelxavierchaves.mg.gov.br\/prefeitura\/wp-content\/uploads\/2025\/04\/CONTRATO-36-2025.pdf\">CONTRATO<\/a>, publicado em 04\/04\/2025 \u00e0s 08:23h.<\/li>\n<li><a href=\"https:\/\/coronelxavierchaves.mg.gov.br\/prefeitura\/wp-content\/uploads\/2026\/03\/1o-ADITAMENTO-JIU-JITSU-36-2025.pdf\">1\u00ba TERMO ADITIVO<\/a>, publicado em 30\/03\/2026 \u00e0s 15:33h.<\/li>\n<\/ul>\n<\/li>\n<\/ul>\n<p>&nbsp;<\/p>\n<p style=\"font-weight: 400; text-align: center;\"><strong><u>AVISO DE LICITA\u00c7\u00c3O<\/u><\/strong><\/p>\n<p style=\"text-align: justify;\">Prefeitura Municipal de Coronel Xavier Chaves\/MG. Aviso de Licita\u00e7\u00e3o &#8211; Processo Licitat\u00f3rio \u2013 36\/2025, Preg\u00e3o Eletr\u00f4nico \u2013 20\/2025, do tipo\u00a0<u>Menor Pre\u00e7o por Item.\u00a0<\/u>Objeto:\u00a0<strong>CONTRATA\u00c7\u00c3O DE EMPRESA ESPECIALIZADA PARA PRESTA\u00c7\u00c3O DE SERVI\u00c7OS PROFISSIONAIS DE ENSINO DE JIU-JITSU NO MUNIC\u00cdPIO DE CORONEL XAVIER CHAVES\/MG.\u00a0<\/strong>Credenciamento e Abertura:\u00a0<u>dia 26\/03\/2025 \u00e0s 08h30min<\/u>. O edital est\u00e1 dispon\u00edvel no site \u201c<a href=\"http:\/\/www.coronelxavierchaves.mg.gov.br\/\">www.coronelxavierchaves.mg.gov.br<\/a>&#8220;, mais informa\u00e7\u00f5es na prefeitura municipal \u00e0 Rua Padre Reis, 84, Centro, Coronel Xavier Chaves\/MG, no hor\u00e1rio de 08h00min \u00e0s 12h00min e de 13h00min \u00e0s 16h00min. Tel.: (32) 3216-1053 (Ramais 109 e 110) \/ (32) 9 9199-6496 (Whatsapp). Coronel Xavier Chaves, 13 de mar\u00e7o de 2025. Juliana Jaques Camargos \u2013 Pregoeira.<\/p>\n<p>&nbsp;<\/p>\n<div class=\"printshowonly\">\n<p>*<b>PUBLICA\u00c7\u00c3O<\/b><\/p>\n<ul>\n<li>Um destaque desta publica\u00e7\u00e3o foi gerado na p\u00e1gina inicial do site, dispon\u00edvel at\u00e9 que demais publica\u00e7\u00f5es sejam realizadas.<\/li>\n<li>Uma publica\u00e7\u00e3o permanente foi feita na p\u00e1gina de Editais e Licita\u00e7\u00f5es.<\/li>\n<li>Link para acesso: http:\/\/coronelxavierchaves.mg.gov.br\/prefeitura\/wp-json\/wp\/v2\/posts\/23027<\/li>\n<\/ul>\n<\/div>\n","protected":false},"excerpt":{"rendered":"<p>DOWNLOADS EDITAL, publicado em 13\/03\/2025 \u00e0s 15:57h. CONTRATO, publicado em 04\/04\/2025 \u00e0s 08:23h. 1\u00ba TERMO ADITIVO, publicado em 30\/03\/2026 \u00e0s 15:33h. &nbsp; AVISO DE LICITA\u00c7\u00c3O Prefeitura Municipal de Coronel Xavier Chaves\/MG. Aviso de Licita\u00e7\u00e3o &#8211; Processo Licitat\u00f3rio \u2013 36\/2025, Preg\u00e3o Eletr\u00f4nico \u2013 20\/2025, do tipo\u00a0Menor Pre\u00e7o por Item.\u00a0Objeto:\u00a0CONTRATA\u00c7\u00c3O DE EMPRESA ESPECIALIZADA PARA PRESTA\u00c7\u00c3O DE SERVI\u00c7OS [&hellip;]<\/p>\n","protected":false},"author":8,"featured_media":4366,"comment_status":"closed","ping_status":"closed","sticky":false,"template":"","format":"standard","meta":{"footnotes":"","_links_to":"","_links_to_target":""},"categories":[135],"tags":[],"class_list":{"0":"post-23027","1":"post","2":"type-post","3":"status-publish","4":"format-standard","5":"has-post-thumbnail","7":"category-editais-de-licitacao-2025"},"_links":{"self":[{"href":"https:\/\/coronelxavierchaves.mg.gov.br\/prefeitura\/wp-json\/wp\/v2\/posts\/23027","targetHints":{"allow":["GET"]}}],"collection":[{"href":"https:\/\/coronelxavierchaves.mg.gov.br\/prefeitura\/wp-json\/wp\/v2\/posts"}],"about":[{"href":"https:\/\/coronelxavierchaves.mg.gov.br\/prefeitura\/wp-json\/wp\/v2\/types\/post"}],"author":[{"embeddable":true,"href":"https:\/\/coronelxavierchaves.mg.gov.br\/prefeitura\/wp-json\/wp\/v2\/users\/8"}],"replies":[{"embeddable":true,"href":"https:\/\/coronelxavierchaves.mg.gov.br\/prefeitura\/wp-json\/wp\/v2\/comments?post=23027"}],"version-history":[{"count":4,"href":"https:\/\/coronelxavierchaves.mg.gov.br\/prefeitura\/wp-json\/wp\/v2\/posts\/23027\/revisions"}],"predecessor-version":[{"id":27298,"href":"https:\/\/coronelxavierchaves.mg.gov.br\/prefeitura\/wp-json\/wp\/v2\/posts\/23027\/revisions\/27298"}],"wp:featuredmedia":[{"embeddable":true,"href":"https:\/\/coronelxavierchaves.mg.gov.br\/prefeitura\/wp-json\/wp\/v2\/media\/4366"}],"wp:attachment":[{"href":"https:\/\/coronelxavierchaves.mg.gov.br\/prefeitura\/wp-json\/wp\/v2\/media?parent=23027"}],"wp:term":[{"taxonomy":"category","embeddable":true,"href":"https:\/\/coronelxavierchaves.mg.gov.br\/prefeitura\/wp-json\/wp\/v2\/categories?post=23027"},{"taxonomy":"post_tag","embeddable":true,"href":"https:\/\/coronelxavierchaves.mg.gov.br\/prefeitura\/wp-json\/wp\/v2\/tags?post=23027"}],"curies":[{"name":"wp","href":"https:\/\/api.w.org\/{rel}","templated":true}]}}