{"id":23033,"date":"2025-03-13T16:46:50","date_gmt":"2025-03-13T19:46:50","guid":{"rendered":"https:\/\/coronelxavierchaves.mg.gov.br\/prefeitura\/?p=23033"},"modified":"2025-03-25T15:35:10","modified_gmt":"2025-03-25T18:35:10","slug":"errata-e-edital-retificado-pl-28-2025-aquisicao-de-medicamentos-genericos-similares-injetaveis-especificos-e-biologicos-conforme-lista-constante-na-tabela-cmed-anvisa","status":"publish","type":"post","link":"https:\/\/coronelxavierchaves.mg.gov.br\/prefeitura\/2025\/03\/13\/errata-e-edital-retificado-pl-28-2025-aquisicao-de-medicamentos-genericos-similares-injetaveis-especificos-e-biologicos-conforme-lista-constante-na-tabela-cmed-anvisa\/","title":{"rendered":"[Errata e Edital retificado] (PL 28\/2025) &#8211; Aquisi\u00e7\u00e3o De Medicamentos Gen\u00e9ricos, Similares, Injet\u00e1veis, Espec\u00edficos E Biol\u00f3gicos Conforme Lista Constante Na Tabela Cmed\/Anvisa&#8230;"},"content":{"rendered":"<blockquote><p>DOWNLOADS<\/p><\/blockquote>\n<ul>\n<li><a href=\"https:\/\/coronelxavierchaves.mg.gov.br\/prefeitura\/wp-content\/uploads\/2025\/03\/13-ERRATA-1.pdf\">ERRATA<\/a>, publicado em 13\/03\/2025 \u00e0s 16:42h.<\/li>\n<li><a href=\"https:\/\/coronelxavierchaves.mg.gov.br\/prefeitura\/wp-content\/uploads\/2025\/03\/09-EDITAL-RETIFICADO-1.pdf\">EDITAL RETIFICADO<\/a>, publicado em 13\/03\/2025 \u00e0s 16:45h.<\/li>\n<\/ul>\n<p>&nbsp;<\/p>\n<p style=\"text-align: center;\"><strong><u>AVISO DE LICITA\u00c7\u00c3O\/EDITAL RETIFICADO<\/u><\/strong><\/p>\n<p style=\"text-align: justify;\">Prefeitura Municipal de Coronel Xavier Chaves\/MG. Aviso de Licita\u00e7\u00e3o &#8211; Processo Licitat\u00f3rio \u2013\u00a028\/2025, Preg\u00e3o Eletr\u00f4nico \u2013 16\/2025, do tipo\u00a0<u>Maior Desconto por Item.\u00a0<\/u>Objeto:\u00a0<strong>AQUISI\u00c7\u00c3O DE MEDICAMENTOS GEN\u00c9RICOS, SIMILARES, INJET\u00c1VEIS, ESPEC\u00cdFICOS E BIOL\u00d3GICOS CONFORME LISTA CONSTANTE NA TABELA CMED\/ANVISA, CONSIDERANDO O MAIOR DESCONTO SOBRE A COLUNA PF (PRE\u00c7O F\u00c1BRICA), PARA ATENDER \u00c0S NECESSIDADES DA FARM\u00c1CIA DE MINAS \u201cJANDIR SILVA\u201d E DOS PACIENTES DA REDE MUNICIPAL DE SA\u00daDE DE CORONEL XAVIER CHAVES\/MG.<\/strong>\u00a0Limite de acolhimento das propostas: dia\u00a0<span style=\"text-decoration: line-through;\">19\/03\/2025<\/span>\u00a0 21\/03\/2025 \u00e0s 07h59min.\u00a0<strong>DISPUTA:\u00a0<span style=\"text-decoration: line-through;\">19\/03\/2025<\/span>\u00a021\/03\/2025, \u00e0s 08h30min, na Plataforma LICITAPP<\/strong>,\u00a0<a href=\"https:\/\/coronelxavierchaves.licitapp.com.br\/\" data-saferedirecturl=\"https:\/\/www.google.com\/url?q=https:\/\/coronelxavierchaves.licitapp.com.br\/&amp;source=gmail&amp;ust=1743000619259000&amp;usg=AOvVaw2vldYurdxBHahEm2IOOLf7\">https:\/\/coronelxavierchaves.licitapp.com.br\/\/<\/a>.\u00a0O edital est\u00e1 dispon\u00edvel no site\u00a0\u201c<a href=\"http:\/\/www.coronelxavierchaves.mg.gov.br\/\" data-saferedirecturl=\"https:\/\/www.google.com\/url?q=http:\/\/www.coronelxavierchaves.mg.gov.br\/&amp;source=gmail&amp;ust=1743000619259000&amp;usg=AOvVaw3YHHWKx4SQ7S-XM30edzjk\">www.coronelxavierchaves.mg.gov.br<\/a>&#8220;, mais informa\u00e7\u00f5es\u00a0na prefeitura municipal \u00e0 Rua Padre Reis, 84, Centro, Coronel Xavier Chaves\/MG, no hor\u00e1rio de 08h00min \u00e0s 12h00min e de 13h00min \u00e0s 16h00min. Tel.:\u00a0<a href=\"tel:%2832%29%203357-1235\">(32) 3216-1053<\/a>\/ (32) 9 9199-6496 (<em>Whatsapp<\/em>). Coronel Xavier Chaves, 13 de mar\u00e7o de\u00a02025. Juliana Jaques Camargos \u2013 Pregoeira.<\/p>\n<div>\n<blockquote><p>OBJETO<\/p><\/blockquote>\n<div style=\"text-align: justify;\">\n<div style=\"text-align: justify;\">\n<div style=\"text-align: justify;\">\n<p style=\"font-weight: 400;\"><strong>AQUISI\u00c7\u00c3O DE MEDICAMENTOS GEN\u00c9RICOS, SIMILARES, INJET\u00c1VEIS, ESPEC\u00cdFICOS E BIOL\u00d3GICOS CONFORME LISTA CONSTANTE NA TABELA CMED\/ANVISA, CONSIDERANDO O MAIOR DESCONTO SOBRE A COLUNA PF (PRE\u00c7O F\u00c1BRICA), PARA ATENDER \u00c0S NECESSIDADES DA FARM\u00c1CIA DE MINAS \u201cJANDIR SILVA\u201d E DOS PACIENTES DA REDE MUNICIPAL DE SA\u00daDE DE CORONEL XAVIER CHAVES\/MG<\/strong><\/p>\n<\/div>\n<div><\/div>\n<\/div>\n<\/div>\n<\/div>\n<div><\/div>\n<div class=\"printshowonly\">\n<p>*<b>PUBLICA\u00c7\u00c3O<\/b><\/p>\n<ul>\n<li>Um destaque desta publica\u00e7\u00e3o foi gerado na p\u00e1gina inicial do site, dispon\u00edvel at\u00e9 que demais publica\u00e7\u00f5es sejam realizadas.<\/li>\n<li>Uma publica\u00e7\u00e3o permanente foi feita na p\u00e1gina de Editais e Licita\u00e7\u00f5es.<\/li>\n<li>Link para acesso:\u00a0http:\/\/coronelxavierchaves.mg.gov.br\/prefeitura\/wp-json\/wp\/v2\/posts\/23033<\/li>\n<\/ul>\n<\/div>\n","protected":false},"excerpt":{"rendered":"<p>DOWNLOADS ERRATA, publicado em 13\/03\/2025 \u00e0s 16:42h. EDITAL RETIFICADO, publicado em 13\/03\/2025 \u00e0s 16:45h. &nbsp; AVISO DE LICITA\u00c7\u00c3O\/EDITAL RETIFICADO Prefeitura Municipal de Coronel Xavier Chaves\/MG. Aviso de Licita\u00e7\u00e3o &#8211; Processo Licitat\u00f3rio \u2013\u00a028\/2025, Preg\u00e3o Eletr\u00f4nico \u2013 16\/2025, do tipo\u00a0Maior Desconto por Item.\u00a0Objeto:\u00a0AQUISI\u00c7\u00c3O DE MEDICAMENTOS GEN\u00c9RICOS, SIMILARES, INJET\u00c1VEIS, ESPEC\u00cdFICOS E BIOL\u00d3GICOS CONFORME LISTA CONSTANTE NA TABELA CMED\/ANVISA, [&hellip;]<\/p>\n","protected":false},"author":8,"featured_media":4367,"comment_status":"closed","ping_status":"closed","sticky":false,"template":"","format":"standard","meta":{"footnotes":"","_links_to":"","_links_to_target":""},"categories":[141],"tags":[],"class_list":{"0":"post-23033","1":"post","2":"type-post","3":"status-publish","4":"format-standard","5":"has-post-thumbnail","7":"category-outras-publicacoes-2025"},"_links":{"self":[{"href":"https:\/\/coronelxavierchaves.mg.gov.br\/prefeitura\/wp-json\/wp\/v2\/posts\/23033","targetHints":{"allow":["GET"]}}],"collection":[{"href":"https:\/\/coronelxavierchaves.mg.gov.br\/prefeitura\/wp-json\/wp\/v2\/posts"}],"about":[{"href":"https:\/\/coronelxavierchaves.mg.gov.br\/prefeitura\/wp-json\/wp\/v2\/types\/post"}],"author":[{"embeddable":true,"href":"https:\/\/coronelxavierchaves.mg.gov.br\/prefeitura\/wp-json\/wp\/v2\/users\/8"}],"replies":[{"embeddable":true,"href":"https:\/\/coronelxavierchaves.mg.gov.br\/prefeitura\/wp-json\/wp\/v2\/comments?post=23033"}],"version-history":[{"count":2,"href":"https:\/\/coronelxavierchaves.mg.gov.br\/prefeitura\/wp-json\/wp\/v2\/posts\/23033\/revisions"}],"predecessor-version":[{"id":23155,"href":"https:\/\/coronelxavierchaves.mg.gov.br\/prefeitura\/wp-json\/wp\/v2\/posts\/23033\/revisions\/23155"}],"wp:featuredmedia":[{"embeddable":true,"href":"https:\/\/coronelxavierchaves.mg.gov.br\/prefeitura\/wp-json\/wp\/v2\/media\/4367"}],"wp:attachment":[{"href":"https:\/\/coronelxavierchaves.mg.gov.br\/prefeitura\/wp-json\/wp\/v2\/media?parent=23033"}],"wp:term":[{"taxonomy":"category","embeddable":true,"href":"https:\/\/coronelxavierchaves.mg.gov.br\/prefeitura\/wp-json\/wp\/v2\/categories?post=23033"},{"taxonomy":"post_tag","embeddable":true,"href":"https:\/\/coronelxavierchaves.mg.gov.br\/prefeitura\/wp-json\/wp\/v2\/tags?post=23033"}],"curies":[{"name":"wp","href":"https:\/\/api.w.org\/{rel}","templated":true}]}}