{"id":23039,"date":"2025-03-14T08:40:43","date_gmt":"2025-03-14T11:40:43","guid":{"rendered":"https:\/\/coronelxavierchaves.mg.gov.br\/prefeitura\/?p=23039"},"modified":"2025-05-13T12:17:14","modified_gmt":"2025-05-13T15:17:14","slug":"edital-de-chamamento-publico-no-02-2025-aldir-blanc-ii","status":"publish","type":"post","link":"https:\/\/coronelxavierchaves.mg.gov.br\/prefeitura\/2025\/03\/14\/edital-de-chamamento-publico-no-02-2025-aldir-blanc-ii\/","title":{"rendered":"EDITAL DE CHAMAMENTO P\u00daBLICO N\u00ba 02\/2025  &#8211; ALDIR BLANC II"},"content":{"rendered":"<blockquote><p>DOWNLOADS<\/p><\/blockquote>\n<ul>\n<li><a href=\"https:\/\/coronelxavierchaves.mg.gov.br\/prefeitura\/wp-content\/uploads\/2025\/03\/EDITAL-LEI-ALDIR-BLANC-2025.pdf\">EDITAL<\/a>, publicado em 13\/03\/2025 \u00e0s 20:30h.<\/li>\n<li><a href=\"https:\/\/docs.google.com\/forms\/d\/e\/1FAIpQLScQTIaToB3ySJcVHox4SXbAVj3nlnKRhN8hhXauhu2fH_y3jA\/viewform\" target=\"_blank\" rel=\"noopener\">LINK DE INSCRI\u00c7\u00c3O<\/a><\/li>\n<li><a href=\"https:\/\/coronelxavierchaves.mg.gov.br\/prefeitura\/wp-content\/uploads\/2025\/04\/RESULTADO-PRELIMINAR-LEI-ALDIR-BLANC-II.pdf\">RESULTADO PRELIMINAR<\/a>, publicado em 01\/04\/2025 \u00e0s 15:52h.<\/li>\n<li><a href=\"https:\/\/coronelxavierchaves.mg.gov.br\/prefeitura\/wp-content\/uploads\/2025\/03\/FORMULARIO-DE-RECURSO-DA-ETAPA-DE-SELECAO.pdf\">FORMUL\u00c1RIO DE APRESENTA\u00c7\u00c3O DE RECURSO &#8211; PDF<\/a><\/li>\n<li><a href=\"https:\/\/coronelxavierchaves.mg.gov.br\/prefeitura\/wp-content\/uploads\/2025\/03\/FORMULARIO-DE-RECURSO-DA-ETAPA-DE-SELECAO.docx\">FORMUL\u00c1RIO DE APRESENTA\u00c7\u00c3O DE RECURSO &#8211; WORD<\/a> (Preencher e enviar no e-mail da Secretaria de Cultura: cultura@coronelxavierchaves.mg.gov.br)<\/li>\n<li><a href=\"https:\/\/coronelxavierchaves.mg.gov.br\/prefeitura\/wp-content\/uploads\/2025\/04\/Analise-de-Recursos.pdf\">RESPOSTAS AP\u00d3S RECURSOS<\/a>, publicado em 08\/04\/2025 \u00e0s 15:36h.<\/li>\n<li><a href=\"https:\/\/coronelxavierchaves.mg.gov.br\/prefeitura\/wp-content\/uploads\/2025\/04\/RESULTADO-FINAL-LEI-ALDIR-BLANC-II.pdf\">RESULTADO FINAL<\/a>, publicado em 08\/04\/2025 \u00e0s 15:37h.<\/li>\n<li><a href=\"https:\/\/coronelxavierchaves.mg.gov.br\/prefeitura\/others\/TERMOS_DE_EXECUCAO.rar\">TERMOS DE EXECU\u00c7\u00c3O<\/a><\/li>\n<\/ul>\n<div>\n<div style=\"text-align: justify;\">\n<div style=\"text-align: justify;\"><\/div>\n<\/div>\n<\/div>\n<div><\/div>\n<div class=\"printshowonly\">\n<p>*<b>PUBLICA\u00c7\u00c3O<\/b><\/p>\n<ul>\n<li>Um destaque desta publica\u00e7\u00e3o foi gerado na p\u00e1gina inicial do site, dispon\u00edvel at\u00e9 que demais publica\u00e7\u00f5es sejam realizadas.<\/li>\n<li>Uma publica\u00e7\u00e3o permanente foi feita na p\u00e1gina de Editais e Licita\u00e7\u00f5es.<\/li>\n<li>Link para acesso:\u00a0http:\/\/coronelxavierchaves.mg.gov.br\/prefeitura\/wp-json\/wp\/v2\/posts\/23039<\/li>\n<\/ul>\n<\/div>\n","protected":false},"excerpt":{"rendered":"<p>DOWNLOADS EDITAL, publicado em 13\/03\/2025 \u00e0s 20:30h. LINK DE INSCRI\u00c7\u00c3O RESULTADO PRELIMINAR, publicado em 01\/04\/2025 \u00e0s 15:52h. FORMUL\u00c1RIO DE APRESENTA\u00c7\u00c3O DE RECURSO &#8211; PDF FORMUL\u00c1RIO DE APRESENTA\u00c7\u00c3O DE RECURSO &#8211; WORD (Preencher e enviar no e-mail da Secretaria de Cultura: cultura@coronelxavierchaves.mg.gov.br) RESPOSTAS AP\u00d3S RECURSOS, publicado em 08\/04\/2025 \u00e0s 15:36h. RESULTADO FINAL, publicado em 08\/04\/2025 \u00e0s [&hellip;]<\/p>\n","protected":false},"author":8,"featured_media":4367,"comment_status":"closed","ping_status":"closed","sticky":false,"template":"","format":"standard","meta":{"footnotes":"","_links_to":"","_links_to_target":""},"categories":[148],"tags":[],"class_list":{"0":"post-23039","1":"post","2":"type-post","3":"status-publish","4":"format-standard","5":"has-post-thumbnail","7":"category-aldir-blanc-2025"},"_links":{"self":[{"href":"https:\/\/coronelxavierchaves.mg.gov.br\/prefeitura\/wp-json\/wp\/v2\/posts\/23039","targetHints":{"allow":["GET"]}}],"collection":[{"href":"https:\/\/coronelxavierchaves.mg.gov.br\/prefeitura\/wp-json\/wp\/v2\/posts"}],"about":[{"href":"https:\/\/coronelxavierchaves.mg.gov.br\/prefeitura\/wp-json\/wp\/v2\/types\/post"}],"author":[{"embeddable":true,"href":"https:\/\/coronelxavierchaves.mg.gov.br\/prefeitura\/wp-json\/wp\/v2\/users\/8"}],"replies":[{"embeddable":true,"href":"https:\/\/coronelxavierchaves.mg.gov.br\/prefeitura\/wp-json\/wp\/v2\/comments?post=23039"}],"version-history":[{"count":9,"href":"https:\/\/coronelxavierchaves.mg.gov.br\/prefeitura\/wp-json\/wp\/v2\/posts\/23039\/revisions"}],"predecessor-version":[{"id":23740,"href":"https:\/\/coronelxavierchaves.mg.gov.br\/prefeitura\/wp-json\/wp\/v2\/posts\/23039\/revisions\/23740"}],"wp:featuredmedia":[{"embeddable":true,"href":"https:\/\/coronelxavierchaves.mg.gov.br\/prefeitura\/wp-json\/wp\/v2\/media\/4367"}],"wp:attachment":[{"href":"https:\/\/coronelxavierchaves.mg.gov.br\/prefeitura\/wp-json\/wp\/v2\/media?parent=23039"}],"wp:term":[{"taxonomy":"category","embeddable":true,"href":"https:\/\/coronelxavierchaves.mg.gov.br\/prefeitura\/wp-json\/wp\/v2\/categories?post=23039"},{"taxonomy":"post_tag","embeddable":true,"href":"https:\/\/coronelxavierchaves.mg.gov.br\/prefeitura\/wp-json\/wp\/v2\/tags?post=23039"}],"curies":[{"name":"wp","href":"https:\/\/api.w.org\/{rel}","templated":true}]}}