{"id":23044,"date":"2025-03-14T09:05:59","date_gmt":"2025-03-14T12:05:59","guid":{"rendered":"https:\/\/coronelxavierchaves.mg.gov.br\/prefeitura\/?p=23044"},"modified":"2025-03-14T09:09:04","modified_gmt":"2025-03-14T12:09:04","slug":"aditivo-ao-termo-de-fomento-no-002-de-2024-celebrado-entre-o-municipio-de-coronel-xavier-chaves-e-a-associacao-atletica-coroense","status":"publish","type":"post","link":"https:\/\/coronelxavierchaves.mg.gov.br\/prefeitura\/2025\/03\/14\/aditivo-ao-termo-de-fomento-no-002-de-2024-celebrado-entre-o-municipio-de-coronel-xavier-chaves-e-a-associacao-atletica-coroense\/","title":{"rendered":"Aditivo ao Termo de Fomento n\u00ba 002 de 2024 celebrado entre o munic\u00edpio de Coronel Xavier Chaves e a Associa\u00e7\u00e3o Atl\u00e9tica Coroense"},"content":{"rendered":"<blockquote><p>DOWNLOADS<\/p><\/blockquote>\n<ul>\n<li><a href=\"https:\/\/coronelxavierchaves.mg.gov.br\/prefeitura\/wp-content\/uploads\/2025\/03\/Aditivo-Termo-de-Fomento-n-002-2024.pdf\">2\u00ba TERMO ADITIVO<\/a>, publicado em 13\/03\/2025 \u00e0s 20:55h.<\/li>\n<\/ul>\n<blockquote><p>RESUMO<\/p><\/blockquote>\n<p style=\"text-align: justify;\">ADITIVO AO TERMO DE FOMENTO N\u00ba 002 DE 2024 CELEBRADO ENTRE O MUNIC\u00cdPIO DE CORONEL XAVIER CHAVES E A ASSOCIA\u00c7\u00c3O ATL\u00c9TICA COROENSE.<\/p>\n<p>&nbsp;<\/p>\n<div class=\"printshowonly\">\n<p>*<b>PUBLICA\u00c7\u00c3O<\/b><\/p>\n<ul>\n<li>Um destaque desta publica\u00e7\u00e3o foi gerado na p\u00e1gina inicial do site, dispon\u00edvel at\u00e9 que demais publica\u00e7\u00f5es sejam realizadas.<\/li>\n<li>Uma publica\u00e7\u00e3o permanente foi feita na p\u00e1gina de Editais e Licita\u00e7\u00f5es.<\/li>\n<li>Link para acesso:\u00a0http:\/\/coronelxavierchaves.mg.gov.br\/prefeitura\/wp-json\/wp\/v2\/posts\/23044<\/li>\n<\/ul>\n<\/div>\n","protected":false},"excerpt":{"rendered":"<p>DOWNLOADS 2\u00ba TERMO ADITIVO, publicado em 13\/03\/2025 \u00e0s 20:55h. RESUMO ADITIVO AO TERMO DE FOMENTO N\u00ba 002 DE 2024 CELEBRADO ENTRE O MUNIC\u00cdPIO DE CORONEL XAVIER CHAVES E A ASSOCIA\u00c7\u00c3O ATL\u00c9TICA COROENSE. &nbsp; *PUBLICA\u00c7\u00c3O Um destaque desta publica\u00e7\u00e3o foi gerado na p\u00e1gina inicial do site, dispon\u00edvel at\u00e9 que demais publica\u00e7\u00f5es sejam realizadas. Uma publica\u00e7\u00e3o permanente [&hellip;]<\/p>\n","protected":false},"author":8,"featured_media":4367,"comment_status":"open","ping_status":"open","sticky":false,"template":"","format":"standard","meta":{"footnotes":"","_links_to":"","_links_to_target":""},"categories":[141],"tags":[],"class_list":{"0":"post-23044","1":"post","2":"type-post","3":"status-publish","4":"format-standard","5":"has-post-thumbnail","7":"category-outras-publicacoes-2025"},"_links":{"self":[{"href":"https:\/\/coronelxavierchaves.mg.gov.br\/prefeitura\/wp-json\/wp\/v2\/posts\/23044","targetHints":{"allow":["GET"]}}],"collection":[{"href":"https:\/\/coronelxavierchaves.mg.gov.br\/prefeitura\/wp-json\/wp\/v2\/posts"}],"about":[{"href":"https:\/\/coronelxavierchaves.mg.gov.br\/prefeitura\/wp-json\/wp\/v2\/types\/post"}],"author":[{"embeddable":true,"href":"https:\/\/coronelxavierchaves.mg.gov.br\/prefeitura\/wp-json\/wp\/v2\/users\/8"}],"replies":[{"embeddable":true,"href":"https:\/\/coronelxavierchaves.mg.gov.br\/prefeitura\/wp-json\/wp\/v2\/comments?post=23044"}],"version-history":[{"count":1,"href":"https:\/\/coronelxavierchaves.mg.gov.br\/prefeitura\/wp-json\/wp\/v2\/posts\/23044\/revisions"}],"predecessor-version":[{"id":23046,"href":"https:\/\/coronelxavierchaves.mg.gov.br\/prefeitura\/wp-json\/wp\/v2\/posts\/23044\/revisions\/23046"}],"wp:featuredmedia":[{"embeddable":true,"href":"https:\/\/coronelxavierchaves.mg.gov.br\/prefeitura\/wp-json\/wp\/v2\/media\/4367"}],"wp:attachment":[{"href":"https:\/\/coronelxavierchaves.mg.gov.br\/prefeitura\/wp-json\/wp\/v2\/media?parent=23044"}],"wp:term":[{"taxonomy":"category","embeddable":true,"href":"https:\/\/coronelxavierchaves.mg.gov.br\/prefeitura\/wp-json\/wp\/v2\/categories?post=23044"},{"taxonomy":"post_tag","embeddable":true,"href":"https:\/\/coronelxavierchaves.mg.gov.br\/prefeitura\/wp-json\/wp\/v2\/tags?post=23044"}],"curies":[{"name":"wp","href":"https:\/\/api.w.org\/{rel}","templated":true}]}}