{"id":23052,"date":"2025-03-14T09:21:54","date_gmt":"2025-03-14T12:21:54","guid":{"rendered":"https:\/\/coronelxavierchaves.mg.gov.br\/prefeitura\/?p=23052"},"modified":"2025-03-14T09:21:54","modified_gmt":"2025-03-14T12:21:54","slug":"aditivo-ao-termo-de-fomento-no-004-de-2024-celebrado-entre-o-municipio-de-coronel-xavier-chaves-e-a-associacao-rural-e-comunitaria-de-coronel-xavier-chaves","status":"publish","type":"post","link":"https:\/\/coronelxavierchaves.mg.gov.br\/prefeitura\/2025\/03\/14\/aditivo-ao-termo-de-fomento-no-004-de-2024-celebrado-entre-o-municipio-de-coronel-xavier-chaves-e-a-associacao-rural-e-comunitaria-de-coronel-xavier-chaves\/","title":{"rendered":"Aditivo ao Termo de Fomento n\u00ba 004 de 2024 celebrado entre o munic\u00edpio de Coronel Xavier Chaves e a Associa\u00e7\u00e3o Rural e Comunit\u00e1ria de Coronel Xavier Chaves."},"content":{"rendered":"<blockquote><p>DOWNLOADS<\/p><\/blockquote>\n<ul>\n<li><a href=\"https:\/\/coronelxavierchaves.mg.gov.br\/prefeitura\/wp-content\/uploads\/2025\/03\/Aditivo-Termo-de-Fomento-n-004-2024.pdf\">1\u00ba TERMO ADITIVO<\/a>, publicado em 13\/03\/2025 \u00e0s 21:07h.<\/li>\n<\/ul>\n<blockquote><p>RESUMO<\/p><\/blockquote>\n<p style=\"text-align: justify;\">ADITIVO AO TERMO DE FOMENTO N\u00ba 004\/2024 DE 14 DE MAR\u00c7O DE 2024 CELEBRADO ENTRE MUNIC\u00cdPIO DE CORONEL XAVIER CHAVES E A ASSOCIA\u00c7\u00c3O RURAL E COMUNIT\u00c1RIA DE CORONEL XAVIER CHAVES.<\/p>\n<p>&nbsp;<\/p>\n<div class=\"printshowonly\">\n<p>*<b>PUBLICA\u00c7\u00c3O<\/b><\/p>\n<ul>\n<li>Um destaque desta publica\u00e7\u00e3o foi gerado na p\u00e1gina inicial do site, dispon\u00edvel at\u00e9 que demais publica\u00e7\u00f5es sejam realizadas.<\/li>\n<li>Uma publica\u00e7\u00e3o permanente foi feita na p\u00e1gina de Editais e Licita\u00e7\u00f5es.<\/li>\n<li>Link para acesso:\u00a0http:\/\/coronelxavierchaves.mg.gov.br\/prefeitura\/wp-json\/wp\/v2\/posts\/23052<\/li>\n<\/ul>\n<\/div>\n","protected":false},"excerpt":{"rendered":"<p>DOWNLOADS 1\u00ba TERMO ADITIVO, publicado em 13\/03\/2025 \u00e0s 21:07h. RESUMO ADITIVO AO TERMO DE FOMENTO N\u00ba 004\/2024 DE 14 DE MAR\u00c7O DE 2024 CELEBRADO ENTRE MUNIC\u00cdPIO DE CORONEL XAVIER CHAVES E A ASSOCIA\u00c7\u00c3O RURAL E COMUNIT\u00c1RIA DE CORONEL XAVIER CHAVES. &nbsp; *PUBLICA\u00c7\u00c3O Um destaque desta publica\u00e7\u00e3o foi gerado na p\u00e1gina inicial do site, dispon\u00edvel at\u00e9 [&hellip;]<\/p>\n","protected":false},"author":8,"featured_media":4367,"comment_status":"open","ping_status":"open","sticky":false,"template":"","format":"standard","meta":{"footnotes":"","_links_to":"","_links_to_target":""},"categories":[141],"tags":[],"class_list":{"0":"post-23052","1":"post","2":"type-post","3":"status-publish","4":"format-standard","5":"has-post-thumbnail","7":"category-outras-publicacoes-2025"},"_links":{"self":[{"href":"https:\/\/coronelxavierchaves.mg.gov.br\/prefeitura\/wp-json\/wp\/v2\/posts\/23052","targetHints":{"allow":["GET"]}}],"collection":[{"href":"https:\/\/coronelxavierchaves.mg.gov.br\/prefeitura\/wp-json\/wp\/v2\/posts"}],"about":[{"href":"https:\/\/coronelxavierchaves.mg.gov.br\/prefeitura\/wp-json\/wp\/v2\/types\/post"}],"author":[{"embeddable":true,"href":"https:\/\/coronelxavierchaves.mg.gov.br\/prefeitura\/wp-json\/wp\/v2\/users\/8"}],"replies":[{"embeddable":true,"href":"https:\/\/coronelxavierchaves.mg.gov.br\/prefeitura\/wp-json\/wp\/v2\/comments?post=23052"}],"version-history":[{"count":1,"href":"https:\/\/coronelxavierchaves.mg.gov.br\/prefeitura\/wp-json\/wp\/v2\/posts\/23052\/revisions"}],"predecessor-version":[{"id":23054,"href":"https:\/\/coronelxavierchaves.mg.gov.br\/prefeitura\/wp-json\/wp\/v2\/posts\/23052\/revisions\/23054"}],"wp:featuredmedia":[{"embeddable":true,"href":"https:\/\/coronelxavierchaves.mg.gov.br\/prefeitura\/wp-json\/wp\/v2\/media\/4367"}],"wp:attachment":[{"href":"https:\/\/coronelxavierchaves.mg.gov.br\/prefeitura\/wp-json\/wp\/v2\/media?parent=23052"}],"wp:term":[{"taxonomy":"category","embeddable":true,"href":"https:\/\/coronelxavierchaves.mg.gov.br\/prefeitura\/wp-json\/wp\/v2\/categories?post=23052"},{"taxonomy":"post_tag","embeddable":true,"href":"https:\/\/coronelxavierchaves.mg.gov.br\/prefeitura\/wp-json\/wp\/v2\/tags?post=23052"}],"curies":[{"name":"wp","href":"https:\/\/api.w.org\/{rel}","templated":true}]}}