{"id":23092,"date":"2025-03-20T15:34:24","date_gmt":"2025-03-20T18:34:24","guid":{"rendered":"https:\/\/coronelxavierchaves.mg.gov.br\/prefeitura\/?p=23092"},"modified":"2025-04-28T13:16:28","modified_gmt":"2025-04-28T16:16:28","slug":"aviso-de-licitacao-pl-39-2025-permissao-precaria-de-uso-de-espaco-publico-para-funcionamento-de-restaurante-e-bar-comercio-de-generos-alimenticios-e-bebidas-durante-a-feira-de-negocios","status":"publish","type":"post","link":"https:\/\/coronelxavierchaves.mg.gov.br\/prefeitura\/2025\/03\/20\/aviso-de-licitacao-pl-39-2025-permissao-precaria-de-uso-de-espaco-publico-para-funcionamento-de-restaurante-e-bar-comercio-de-generos-alimenticios-e-bebidas-durante-a-feira-de-negocios\/","title":{"rendered":"Aviso de Licita\u00e7\u00e3o (PL 39\/2025) &#8211; Permiss\u00e3o Prec\u00e1ria De Uso De Espa\u00e7o P\u00fablico Para Funcionamento De Restaurante E Bar (Com\u00e9rcio De G\u00eaneros Aliment\u00edcios E Bebidas), Durante A \u201cFeira De Neg\u00f3cios\u201d Promovida Pela Ccpr (Cooperativa Central Dos Produtores Rurais) E Prefeitura Municipal De Coronel Xavier Chaves\/Mg, A Ser Realizada No Parque De Exposi\u00e7\u00f5es \u201cJo\u00e3o Batista Assun\u00e7\u00e3o\u201d, No Dia 24 De Abril De 2025."},"content":{"rendered":"<blockquote>\n<p style=\"text-align: center;\">DOWNLOADS<\/p>\n<\/blockquote>\n<ul>\n<li style=\"list-style-type: none;\">\n<ul>\n<li><a href=\"https:\/\/coronelxavierchaves.mg.gov.br\/prefeitura\/wp-content\/uploads\/2025\/03\/06-EDITAL-1.pdf\">EDITAL<\/a>, publicado em 20\/03\/2025 \u00e0s 09:40h.<\/li>\n<li><a href=\"https:\/\/coronelxavierchaves.mg.gov.br\/prefeitura\/wp-content\/uploads\/2025\/04\/LUCAS-39-2025.pdf\">CONTRATO: LUCAS<\/a>, publicado em 28\/04\/2025 \u00e0s 13:16h.<\/li>\n<\/ul>\n<\/li>\n<\/ul>\n<p>&nbsp;<\/p>\n<p style=\"text-align: center;\"><strong><u>AVISO DE LICITA\u00c7\u00c3O<\/u><\/strong><\/p>\n<p style=\"text-align: justify;\">O munic\u00edpio de Coronel Xavier Chaves\/MG torna p\u00fablico o Processo Licitat\u00f3rio 39\/2025, Preg\u00e3o Presencial 21\/2025, para sele\u00e7\u00e3o da proposta mais vantajosa para a\u00a0<strong>PERMISS\u00c3O PREC\u00c1RIA DE USO DE ESPA\u00c7O P\u00daBLICO PARA FUNCIONAMENTO DE RESTAURANTE E BAR (COM\u00c9RCIO DE G\u00caNEROS ALIMENT\u00cdCIOS E BEBIDAS), DURANTE A \u201cFEIRA DE NEG\u00d3CIOS\u201d PROMOVIDA PELA CCPR (COOPERATIVA CENTRAL DOS PRODUTORES RURAIS) E PREFEITURA MUNICIPAL DE CORONEL XAVIER CHAVES\/MG, A SER REALIZADA NO PARQUE DE EXPOSI\u00c7\u00d5ES \u201cJO\u00c3O BATISTA ASSUN\u00c7\u00c3O\u201d, NO DIA 24 DE ABRIL DE 2025,<\/strong>\u00a0mediante o crit\u00e9rio de julgamento de<strong>\u00a0MAIOR LANCE POR ITEM<\/strong>.\u00a0<u>Credenciamento e abertura<\/u>:<strong>\u00a011\/04\/2024 \u00e0s 08h30min.<\/strong>\u00a0O edital est\u00e1 dispon\u00edvel no Site\u00a0\u201c<a href=\"http:\/\/www.coronelxavierchaves.mg.gov.br\/\">www.coronelxavierchaves.mg.gov.br<\/a>&#8220;, informa\u00e7\u00f5es\u00a0na prefeitura municipal \u00e0 Rua Padre Reis, 84, Centro Coronel Xavier Chaves, MG, no hor\u00e1rio das 08h00min \u00e0s 12h00min e das 13h00min \u00e0s 16h00min. Tel.\/WhatsApp (32) 3216-1053 (<em>Ramais 109 e 110<\/em>) \/ (32) 99199-6496.\u00a0 Coronel Xavier Chaves, 20 de mar\u00e7o de 2025. Juliana Jaques Camargos &#8211; Pregoeira.<\/p>\n<p>&nbsp;<\/p>\n<div class=\"printshowonly\">\n<p>*<b>PUBLICA\u00c7\u00c3O<\/b><\/p>\n<ul>\n<li>Um destaque desta publica\u00e7\u00e3o foi gerado na p\u00e1gina inicial do site, dispon\u00edvel at\u00e9 que demais publica\u00e7\u00f5es sejam realizadas.<\/li>\n<li>Uma publica\u00e7\u00e3o permanente foi feita na p\u00e1gina de Editais e Licita\u00e7\u00f5es.<\/li>\n<li>Link para acesso: http:\/\/coronelxavierchaves.mg.gov.br\/prefeitura\/wp-json\/wp\/v2\/posts\/23092<\/li>\n<\/ul>\n<\/div>\n","protected":false},"excerpt":{"rendered":"<p>DOWNLOADS EDITAL, publicado em 20\/03\/2025 \u00e0s 09:40h. CONTRATO: LUCAS, publicado em 28\/04\/2025 \u00e0s 13:16h. &nbsp; AVISO DE LICITA\u00c7\u00c3O O munic\u00edpio de Coronel Xavier Chaves\/MG torna p\u00fablico o Processo Licitat\u00f3rio 39\/2025, Preg\u00e3o Presencial 21\/2025, para sele\u00e7\u00e3o da proposta mais vantajosa para a\u00a0PERMISS\u00c3O PREC\u00c1RIA DE USO DE ESPA\u00c7O P\u00daBLICO PARA FUNCIONAMENTO DE RESTAURANTE E BAR (COM\u00c9RCIO DE [&hellip;]<\/p>\n","protected":false},"author":8,"featured_media":4366,"comment_status":"closed","ping_status":"closed","sticky":false,"template":"","format":"standard","meta":{"footnotes":"","_links_to":"","_links_to_target":""},"categories":[135],"tags":[],"class_list":{"0":"post-23092","1":"post","2":"type-post","3":"status-publish","4":"format-standard","5":"has-post-thumbnail","7":"category-editais-de-licitacao-2025"},"_links":{"self":[{"href":"https:\/\/coronelxavierchaves.mg.gov.br\/prefeitura\/wp-json\/wp\/v2\/posts\/23092","targetHints":{"allow":["GET"]}}],"collection":[{"href":"https:\/\/coronelxavierchaves.mg.gov.br\/prefeitura\/wp-json\/wp\/v2\/posts"}],"about":[{"href":"https:\/\/coronelxavierchaves.mg.gov.br\/prefeitura\/wp-json\/wp\/v2\/types\/post"}],"author":[{"embeddable":true,"href":"https:\/\/coronelxavierchaves.mg.gov.br\/prefeitura\/wp-json\/wp\/v2\/users\/8"}],"replies":[{"embeddable":true,"href":"https:\/\/coronelxavierchaves.mg.gov.br\/prefeitura\/wp-json\/wp\/v2\/comments?post=23092"}],"version-history":[{"count":3,"href":"https:\/\/coronelxavierchaves.mg.gov.br\/prefeitura\/wp-json\/wp\/v2\/posts\/23092\/revisions"}],"predecessor-version":[{"id":23517,"href":"https:\/\/coronelxavierchaves.mg.gov.br\/prefeitura\/wp-json\/wp\/v2\/posts\/23092\/revisions\/23517"}],"wp:featuredmedia":[{"embeddable":true,"href":"https:\/\/coronelxavierchaves.mg.gov.br\/prefeitura\/wp-json\/wp\/v2\/media\/4366"}],"wp:attachment":[{"href":"https:\/\/coronelxavierchaves.mg.gov.br\/prefeitura\/wp-json\/wp\/v2\/media?parent=23092"}],"wp:term":[{"taxonomy":"category","embeddable":true,"href":"https:\/\/coronelxavierchaves.mg.gov.br\/prefeitura\/wp-json\/wp\/v2\/categories?post=23092"},{"taxonomy":"post_tag","embeddable":true,"href":"https:\/\/coronelxavierchaves.mg.gov.br\/prefeitura\/wp-json\/wp\/v2\/tags?post=23092"}],"curies":[{"name":"wp","href":"https:\/\/api.w.org\/{rel}","templated":true}]}}