{"id":23095,"date":"2025-03-21T09:00:14","date_gmt":"2025-03-21T12:00:14","guid":{"rendered":"https:\/\/coronelxavierchaves.mg.gov.br\/prefeitura\/?p=23095"},"modified":"2025-03-21T09:01:41","modified_gmt":"2025-03-21T12:01:41","slug":"autorizacao-pa-38-2025-contratacao-do-show-artistico-da-dupla-di-paulo-paulino-por-meio-de-seu-empresario-exclusivo-para-realizacao-de-apresentacao-durante-a-33a-exposicao-agropecuaria-e-41o-c","status":"publish","type":"post","link":"https:\/\/coronelxavierchaves.mg.gov.br\/prefeitura\/2025\/03\/21\/autorizacao-pa-38-2025-contratacao-do-show-artistico-da-dupla-di-paulo-paulino-por-meio-de-seu-empresario-exclusivo-para-realizacao-de-apresentacao-durante-a-33a-exposicao-agropecuaria-e-41o-c\/","title":{"rendered":"Autoriza\u00e7\u00e3o (PA 38\/2025) &#8211; Contrata\u00e7\u00e3o do show art\u00edstico da dupla DI PAULO &#038; PAULINO, por meio de seu empres\u00e1rio exclusivo, para realiza\u00e7\u00e3o de apresenta\u00e7\u00e3o durante a 33\u00aa Exposi\u00e7\u00e3o Agropecu\u00e1ria e 41\u00ba Concurso Leiteiro de Morfologia&#8230;"},"content":{"rendered":"<blockquote><p>DOWNLOADS<\/p><\/blockquote>\n<ul>\n<li><a href=\"https:\/\/coronelxavierchaves.mg.gov.br\/prefeitura\/wp-content\/uploads\/2025\/03\/13-AUTORIZACAO.pdf\">AUTORIZA\u00c7\u00c3O<\/a>, publicado em 20\/03\/2025 \u00e0s 11:12h.<\/li>\n<\/ul>\n<blockquote><p>OBJETO<\/p><\/blockquote>\n<div style=\"text-align: justify;\">\n<div style=\"text-align: justify;\">\n<p><strong>Contrata\u00e7\u00e3o do show art\u00edstico da dupla DI PAULO &amp; PAULINO, por meio de seu empres\u00e1rio exclusivo, para realiza\u00e7\u00e3o de apresenta\u00e7\u00e3o durante a 33\u00aa Exposi\u00e7\u00e3o Agropecu\u00e1ria e 41\u00ba Concurso Leiteiro de Morfologia de Coronel Xavier Chaves, que ocorrer\u00e1 no parque de Exposi\u00e7\u00f5es Jo\u00e3o Batista Assun\u00e7\u00e3o, na data de 27 de junho de 2025.<\/strong><\/p>\n<\/div>\n<div>\n<p>&nbsp;<\/p>\n<div>\n<p>*<b>PUBLICA\u00c7\u00c3O<\/b><\/p>\n<ul>\n<li>Um destaque desta publica\u00e7\u00e3o foi gerado na p\u00e1gina inicial do site, dispon\u00edvel at\u00e9 que demais publica\u00e7\u00f5es sejam realizadas.<\/li>\n<li>Uma publica\u00e7\u00e3o permanente foi feita na p\u00e1gina de Editais e Licita\u00e7\u00f5es.<\/li>\n<\/ul>\n<\/div>\n<\/div>\n<\/div>\n","protected":false},"excerpt":{"rendered":"<p>DOWNLOADS AUTORIZA\u00c7\u00c3O, publicado em 20\/03\/2025 \u00e0s 11:12h. OBJETO Contrata\u00e7\u00e3o do show art\u00edstico da dupla DI PAULO &amp; PAULINO, por meio de seu empres\u00e1rio exclusivo, para realiza\u00e7\u00e3o de apresenta\u00e7\u00e3o durante a 33\u00aa Exposi\u00e7\u00e3o Agropecu\u00e1ria e 41\u00ba Concurso Leiteiro de Morfologia de Coronel Xavier Chaves, que ocorrer\u00e1 no parque de Exposi\u00e7\u00f5es Jo\u00e3o Batista Assun\u00e7\u00e3o, na data de [&hellip;]<\/p>\n","protected":false},"author":8,"featured_media":4367,"comment_status":"open","ping_status":"open","sticky":false,"template":"","format":"standard","meta":{"footnotes":"","_links_to":"","_links_to_target":""},"categories":[139],"tags":[],"class_list":{"0":"post-23095","1":"post","2":"type-post","3":"status-publish","4":"format-standard","5":"has-post-thumbnail","7":"category-contratos-aditivos-atas-e-outros-2025"},"_links":{"self":[{"href":"https:\/\/coronelxavierchaves.mg.gov.br\/prefeitura\/wp-json\/wp\/v2\/posts\/23095","targetHints":{"allow":["GET"]}}],"collection":[{"href":"https:\/\/coronelxavierchaves.mg.gov.br\/prefeitura\/wp-json\/wp\/v2\/posts"}],"about":[{"href":"https:\/\/coronelxavierchaves.mg.gov.br\/prefeitura\/wp-json\/wp\/v2\/types\/post"}],"author":[{"embeddable":true,"href":"https:\/\/coronelxavierchaves.mg.gov.br\/prefeitura\/wp-json\/wp\/v2\/users\/8"}],"replies":[{"embeddable":true,"href":"https:\/\/coronelxavierchaves.mg.gov.br\/prefeitura\/wp-json\/wp\/v2\/comments?post=23095"}],"version-history":[{"count":3,"href":"https:\/\/coronelxavierchaves.mg.gov.br\/prefeitura\/wp-json\/wp\/v2\/posts\/23095\/revisions"}],"predecessor-version":[{"id":23099,"href":"https:\/\/coronelxavierchaves.mg.gov.br\/prefeitura\/wp-json\/wp\/v2\/posts\/23095\/revisions\/23099"}],"wp:featuredmedia":[{"embeddable":true,"href":"https:\/\/coronelxavierchaves.mg.gov.br\/prefeitura\/wp-json\/wp\/v2\/media\/4367"}],"wp:attachment":[{"href":"https:\/\/coronelxavierchaves.mg.gov.br\/prefeitura\/wp-json\/wp\/v2\/media?parent=23095"}],"wp:term":[{"taxonomy":"category","embeddable":true,"href":"https:\/\/coronelxavierchaves.mg.gov.br\/prefeitura\/wp-json\/wp\/v2\/categories?post=23095"},{"taxonomy":"post_tag","embeddable":true,"href":"https:\/\/coronelxavierchaves.mg.gov.br\/prefeitura\/wp-json\/wp\/v2\/tags?post=23095"}],"curies":[{"name":"wp","href":"https:\/\/api.w.org\/{rel}","templated":true}]}}