{"id":23100,"date":"2025-03-21T09:08:32","date_gmt":"2025-03-21T12:08:32","guid":{"rendered":"https:\/\/coronelxavierchaves.mg.gov.br\/prefeitura\/?p=23100"},"modified":"2025-04-16T17:32:45","modified_gmt":"2025-04-16T20:32:45","slug":"aviso-de-licitacao-pl-40-2025-permissao-precaria-de-uso-de-espaco-publico-para-funcionamento-de-bar-comercio-de-generos-alimenticios-e-bebidas-na-praca-de-esportes-capitao-jose-anselmo","status":"publish","type":"post","link":"https:\/\/coronelxavierchaves.mg.gov.br\/prefeitura\/2025\/03\/21\/aviso-de-licitacao-pl-40-2025-permissao-precaria-de-uso-de-espaco-publico-para-funcionamento-de-bar-comercio-de-generos-alimenticios-e-bebidas-na-praca-de-esportes-capitao-jose-anselmo\/","title":{"rendered":"Aviso de Licita\u00e7\u00e3o (PL 40\/2025) &#8211; Permiss\u00e3o prec\u00e1ria de uso de espa\u00e7o p\u00fablico para funcionamento de bar (com\u00e9rcio de g\u00eaneros aliment\u00edcios e bebidas), na pra\u00e7a de esportes \u201cCapit\u00e3o Jos\u00e9 Anselmo\u201d&#8230;"},"content":{"rendered":"<blockquote>\n<p style=\"text-align: center;\">DOWNLOADS<\/p>\n<\/blockquote>\n<ul>\n<li style=\"list-style-type: none;\">\n<ul>\n<li><a href=\"https:\/\/coronelxavierchaves.mg.gov.br\/prefeitura\/wp-content\/uploads\/2025\/03\/06-EDITAL-2.pdf\">EDITAL<\/a>, publicado em 20\/03\/2025 \u00e0s 19:13h.<\/li>\n<\/ul>\n<\/li>\n<\/ul>\n<p>&nbsp;<\/p>\n<p style=\"text-align: center;\"><span style=\"color: #ff0000;\"><strong><u>DECIS\u00c3O ADMINISTRATIVA<\/u><\/strong><\/span><\/p>\n<p style=\"text-align: justify;\"><span style=\"color: #ff0000;\">O Prefeito Municipal de Coronel Xavier Chaves\/MG, no uso de suas atribui\u00e7\u00f5es legais, com fundamento no art. 71 da Lei n\u00ba 14.133 de 1\u00ba de abril de 2021, resolve revogar a Licita\u00e7\u00e3o &#8211; Processo Licitat\u00f3rio \u2013 40\/2025, Preg\u00e3o Presencial \u2013 22\/2025, por raz\u00f5es de conveni\u00eancia e oportunidade, considerando a n\u00e3o realiza\u00e7\u00e3o da sess\u00e3o de julgamento do certame e a necessidade de reavalia\u00e7\u00e3o da cess\u00e3o do espa\u00e7o p\u00fablico mencionado, conforme pedido realizado por vereadores municipais durante a sess\u00e3o ordin\u00e1ria de 14 de abril de 2025 da C\u00e2mara Municipal. Coronel Xavier Chaves, <strong>16 de abril de 2025<\/strong>. Beatriz Rayze de Resende \u2013 Pregoeira.<\/span><\/p>\n<p>&nbsp;<\/p>\n<p style=\"text-align: justify;\"><strong><u>AVISO DE LICITA\u00c7\u00c3O<\/u><\/strong><\/p>\n<p style=\"text-align: justify;\">O munic\u00edpio de Coronel Xavier Chaves\/MG torna p\u00fablico o Processo Licitat\u00f3rio 40\/2025, Preg\u00e3o Presencial 22\/2025, para sele\u00e7\u00e3o da proposta mais vantajosa para a\u00a0<strong>PERMISS\u00c3O PREC\u00c1RIA DE USO DE ESPA\u00c7O P\u00daBLICO PARA FUNCIONAMENTO DE BAR (COM\u00c9RCIO DE G\u00caNEROS ALIMENT\u00cdCIOS E BEBIDAS), NA PRA\u00c7A DE ESPORTES \u201cCAPIT\u00c3O JOS\u00c9 ANSELMO\u201d, PELO PER\u00cdODO DE 12 MESES,<\/strong>\u00a0mediante o crit\u00e9rio de julgamento de<strong>\u00a0MAIOR LANCE POR ITEM<\/strong>.\u00a0<u>Credenciamento e abertura<\/u>:<strong>\u00a015\/04\/2025 \u00e0s 08h30min.<\/strong>\u00a0O edital est\u00e1 dispon\u00edvel no Site\u00a0\u201c<a href=\"http:\/\/www.coronelxavierchaves.mg.gov.br\/\">www.coronelxavierchaves.mg.gov.br<\/a>&#8220;, informa\u00e7\u00f5es\u00a0na prefeitura municipal \u00e0 Rua Padre Reis, 84, Centro Coronel Xavier Chaves, MG, no hor\u00e1rio das 08h00min \u00e0s 12h00min e das 13h00min \u00e0s 16h00min. Tel.\/WhatsApp (32) 3216-1053 (<em>Ramais 109 e 110<\/em>) \/ (32) 99199-6496.\u00a0 Coronel Xavier Chaves, 20 de mar\u00e7o de 2025. Juliana Jaques Camargos &#8211; Pregoeira.<\/p>\n<p>&nbsp;<\/p>\n<div class=\"printshowonly\">\n<p>*<b>PUBLICA\u00c7\u00c3O<\/b><\/p>\n<ul>\n<li>Um destaque desta publica\u00e7\u00e3o foi gerado na p\u00e1gina inicial do site, dispon\u00edvel at\u00e9 que demais publica\u00e7\u00f5es sejam realizadas.<\/li>\n<li>Uma publica\u00e7\u00e3o permanente foi feita na p\u00e1gina de Editais e Licita\u00e7\u00f5es.<\/li>\n<\/ul>\n<\/div>\n","protected":false},"excerpt":{"rendered":"<p>DOWNLOADS EDITAL, publicado em 20\/03\/2025 \u00e0s 19:13h. &nbsp; DECIS\u00c3O ADMINISTRATIVA O Prefeito Municipal de Coronel Xavier Chaves\/MG, no uso de suas atribui\u00e7\u00f5es legais, com fundamento no art. 71 da Lei n\u00ba 14.133 de 1\u00ba de abril de 2021, resolve revogar a Licita\u00e7\u00e3o &#8211; Processo Licitat\u00f3rio \u2013 40\/2025, Preg\u00e3o Presencial \u2013 22\/2025, por raz\u00f5es de conveni\u00eancia [&hellip;]<\/p>\n","protected":false},"author":8,"featured_media":4366,"comment_status":"closed","ping_status":"closed","sticky":false,"template":"","format":"standard","meta":{"footnotes":"","_links_to":"","_links_to_target":""},"categories":[135],"tags":[],"class_list":{"0":"post-23100","1":"post","2":"type-post","3":"status-publish","4":"format-standard","5":"has-post-thumbnail","7":"category-editais-de-licitacao-2025"},"_links":{"self":[{"href":"https:\/\/coronelxavierchaves.mg.gov.br\/prefeitura\/wp-json\/wp\/v2\/posts\/23100","targetHints":{"allow":["GET"]}}],"collection":[{"href":"https:\/\/coronelxavierchaves.mg.gov.br\/prefeitura\/wp-json\/wp\/v2\/posts"}],"about":[{"href":"https:\/\/coronelxavierchaves.mg.gov.br\/prefeitura\/wp-json\/wp\/v2\/types\/post"}],"author":[{"embeddable":true,"href":"https:\/\/coronelxavierchaves.mg.gov.br\/prefeitura\/wp-json\/wp\/v2\/users\/8"}],"replies":[{"embeddable":true,"href":"https:\/\/coronelxavierchaves.mg.gov.br\/prefeitura\/wp-json\/wp\/v2\/comments?post=23100"}],"version-history":[{"count":3,"href":"https:\/\/coronelxavierchaves.mg.gov.br\/prefeitura\/wp-json\/wp\/v2\/posts\/23100\/revisions"}],"predecessor-version":[{"id":23474,"href":"https:\/\/coronelxavierchaves.mg.gov.br\/prefeitura\/wp-json\/wp\/v2\/posts\/23100\/revisions\/23474"}],"wp:featuredmedia":[{"embeddable":true,"href":"https:\/\/coronelxavierchaves.mg.gov.br\/prefeitura\/wp-json\/wp\/v2\/media\/4366"}],"wp:attachment":[{"href":"https:\/\/coronelxavierchaves.mg.gov.br\/prefeitura\/wp-json\/wp\/v2\/media?parent=23100"}],"wp:term":[{"taxonomy":"category","embeddable":true,"href":"https:\/\/coronelxavierchaves.mg.gov.br\/prefeitura\/wp-json\/wp\/v2\/categories?post=23100"},{"taxonomy":"post_tag","embeddable":true,"href":"https:\/\/coronelxavierchaves.mg.gov.br\/prefeitura\/wp-json\/wp\/v2\/tags?post=23100"}],"curies":[{"name":"wp","href":"https:\/\/api.w.org\/{rel}","templated":true}]}}