{"id":23137,"date":"2024-03-10T15:23:20","date_gmt":"2024-03-10T18:23:20","guid":{"rendered":"https:\/\/coronelxavierchaves.mg.gov.br\/prefeitura\/?p=23137"},"modified":"2025-03-25T09:00:32","modified_gmt":"2025-03-25T12:00:32","slug":"1o-termo-de-realinhamento-de-precos-pl-81-2024-registro-de-precos-para-aquisicao-de-materiais-hidrossanitarios-santos-assuncao","status":"publish","type":"post","link":"https:\/\/coronelxavierchaves.mg.gov.br\/prefeitura\/2024\/03\/10\/1o-termo-de-realinhamento-de-precos-pl-81-2024-registro-de-precos-para-aquisicao-de-materiais-hidrossanitarios-santos-assuncao\/","title":{"rendered":"1\u00ba Termo de Realinhamento de Pre\u00e7os (PL 81\/2024) &#8211; Registro de pre\u00e7os para aquisi\u00e7\u00e3o de materiais hidrossanit\u00e1rios &#8211; SANTOS &#038; ASSUNCAO"},"content":{"rendered":"<blockquote><p>DOWNLOADS<\/p><\/blockquote>\n<ul>\n<li><a href=\"https:\/\/coronelxavierchaves.mg.gov.br\/prefeitura\/wp-content\/uploads\/2024\/06\/1o-TERMO-REALINHAMENTO-PUBLICADO.pdf\">1\u00ba TERMO REALINHAMENTO DE PRE\u00c7OS: SANTOS &amp; ASSUN\u00c7\u00c3O<\/a>, publicado em 10\/03\/2025 \u00e0s 15:23h.<\/li>\n<\/ul>\n<blockquote><p>OBJETO<\/p><\/blockquote>\n<div style=\"text-align: justify;\">\n<div style=\"text-align: justify;\">\n<p><b>AQUISI\u00c7\u00c3O DE MATERIAIS HIDROSSANIT\u00c1RIO PARA SEREM UTILIZADOS PARA ATENDER AS DEMANDAS DA SECRETARIA MUNICIPAL DE OBRAS E SERVI\u00c7OS P\u00daBLICOS DO MUNIC\u00cdPIO DE CORONEL XAVIER CHAVES \/ MG.<\/b><\/p>\n<p>&nbsp;<\/p>\n<\/div>\n<\/div>\n<div class=\"printshowonly\">\n<p>*<b>PUBLICA\u00c7\u00c3O<\/b><\/p>\n<ul>\n<li>Um destaque desta publica\u00e7\u00e3o foi gerado na p\u00e1gina inicial do site, dispon\u00edvel at\u00e9 que demais publica\u00e7\u00f5es sejam realizadas.<\/li>\n<li>Uma publica\u00e7\u00e3o permanente foi feita na p\u00e1gina de Editais e Licita\u00e7\u00f5es.<\/li>\n<li>Link para acesso:http:\/\/coronelxavierchaves.mg.gov.br\/prefeitura\/wp-json\/wp\/v2\/posts\/23137<\/li>\n<\/ul>\n<\/div>\n","protected":false},"excerpt":{"rendered":"<p>DOWNLOADS 1\u00ba TERMO REALINHAMENTO DE PRE\u00c7OS: SANTOS &amp; ASSUN\u00c7\u00c3O, publicado em 10\/03\/2025 \u00e0s 15:23h. OBJETO AQUISI\u00c7\u00c3O DE MATERIAIS HIDROSSANIT\u00c1RIO PARA SEREM UTILIZADOS PARA ATENDER AS DEMANDAS DA SECRETARIA MUNICIPAL DE OBRAS E SERVI\u00c7OS P\u00daBLICOS DO MUNIC\u00cdPIO DE CORONEL XAVIER CHAVES \/ MG. &nbsp; *PUBLICA\u00c7\u00c3O Um destaque desta publica\u00e7\u00e3o foi gerado na p\u00e1gina inicial do site, [&hellip;]<\/p>\n","protected":false},"author":3,"featured_media":4367,"comment_status":"open","ping_status":"open","sticky":false,"template":"","format":"standard","meta":{"footnotes":"","_links_to":"","_links_to_target":""},"categories":[139],"tags":[],"class_list":{"0":"post-23137","1":"post","2":"type-post","3":"status-publish","4":"format-standard","5":"has-post-thumbnail","7":"category-contratos-aditivos-atas-e-outros-2025"},"_links":{"self":[{"href":"https:\/\/coronelxavierchaves.mg.gov.br\/prefeitura\/wp-json\/wp\/v2\/posts\/23137","targetHints":{"allow":["GET"]}}],"collection":[{"href":"https:\/\/coronelxavierchaves.mg.gov.br\/prefeitura\/wp-json\/wp\/v2\/posts"}],"about":[{"href":"https:\/\/coronelxavierchaves.mg.gov.br\/prefeitura\/wp-json\/wp\/v2\/types\/post"}],"author":[{"embeddable":true,"href":"https:\/\/coronelxavierchaves.mg.gov.br\/prefeitura\/wp-json\/wp\/v2\/users\/3"}],"replies":[{"embeddable":true,"href":"https:\/\/coronelxavierchaves.mg.gov.br\/prefeitura\/wp-json\/wp\/v2\/comments?post=23137"}],"version-history":[{"count":1,"href":"https:\/\/coronelxavierchaves.mg.gov.br\/prefeitura\/wp-json\/wp\/v2\/posts\/23137\/revisions"}],"predecessor-version":[{"id":23139,"href":"https:\/\/coronelxavierchaves.mg.gov.br\/prefeitura\/wp-json\/wp\/v2\/posts\/23137\/revisions\/23139"}],"wp:featuredmedia":[{"embeddable":true,"href":"https:\/\/coronelxavierchaves.mg.gov.br\/prefeitura\/wp-json\/wp\/v2\/media\/4367"}],"wp:attachment":[{"href":"https:\/\/coronelxavierchaves.mg.gov.br\/prefeitura\/wp-json\/wp\/v2\/media?parent=23137"}],"wp:term":[{"taxonomy":"category","embeddable":true,"href":"https:\/\/coronelxavierchaves.mg.gov.br\/prefeitura\/wp-json\/wp\/v2\/categories?post=23137"},{"taxonomy":"post_tag","embeddable":true,"href":"https:\/\/coronelxavierchaves.mg.gov.br\/prefeitura\/wp-json\/wp\/v2\/tags?post=23137"}],"curies":[{"name":"wp","href":"https:\/\/api.w.org\/{rel}","templated":true}]}}