{"id":23218,"date":"2025-04-01T15:52:28","date_gmt":"2025-04-01T18:52:28","guid":{"rendered":"https:\/\/coronelxavierchaves.mg.gov.br\/prefeitura\/?p=23218"},"modified":"2025-04-01T16:14:47","modified_gmt":"2025-04-01T19:14:47","slug":"resultado-preliminar-do-edital-de-chamamento-publico-no-02-2025-lei-aldir-blanc","status":"publish","type":"post","link":"https:\/\/coronelxavierchaves.mg.gov.br\/prefeitura\/2025\/04\/01\/resultado-preliminar-do-edital-de-chamamento-publico-no-02-2025-lei-aldir-blanc\/","title":{"rendered":"Resultado Preliminar do Edital de Chamamento p\u00fablico N\u00ba 02\/2025 &#8211; Lei Aldir Blanc"},"content":{"rendered":"<ul>\n<li><a href=\"https:\/\/coronelxavierchaves.mg.gov.br\/prefeitura\/wp-content\/uploads\/2025\/04\/RESULTADO-PRELIMINAR-LEI-ALDIR-BLANC-II.pdf\">RESULTADO PRELIMINAR<\/a>, publicado em 01\/04\/2025 \u00e0s 15:52h.<\/li>\n<li><a href=\"https:\/\/coronelxavierchaves.mg.gov.br\/prefeitura\/wp-content\/uploads\/2025\/03\/FORMULARIO-DE-RECURSO-DA-ETAPA-DE-SELECAO.docx\">FORMUL\u00c1RIO DE APRESENTA\u00c7\u00c3O DE RECURSO &#8211; WORD<\/a> (Preencher e enviar no e-mail da Secretaria de Cultura: cultura@coronelxavierchaves.mg.gov.br)<\/li>\n<\/ul>\n","protected":false},"excerpt":{"rendered":"<p>RESULTADO PRELIMINAR, publicado em 01\/04\/2025 \u00e0s 15:52h. FORMUL\u00c1RIO DE APRESENTA\u00c7\u00c3O DE RECURSO &#8211; WORD (Preencher e enviar no e-mail da Secretaria de Cultura: cultura@coronelxavierchaves.mg.gov.br)<\/p>\n","protected":false},"author":3,"featured_media":4367,"comment_status":"closed","ping_status":"closed","sticky":false,"template":"","format":"standard","meta":{"footnotes":"","_links_to":"","_links_to_target":""},"categories":[148,141],"tags":[],"class_list":{"0":"post-23218","1":"post","2":"type-post","3":"status-publish","4":"format-standard","5":"has-post-thumbnail","7":"category-aldir-blanc-2025","8":"category-outras-publicacoes-2025"},"_links":{"self":[{"href":"https:\/\/coronelxavierchaves.mg.gov.br\/prefeitura\/wp-json\/wp\/v2\/posts\/23218","targetHints":{"allow":["GET"]}}],"collection":[{"href":"https:\/\/coronelxavierchaves.mg.gov.br\/prefeitura\/wp-json\/wp\/v2\/posts"}],"about":[{"href":"https:\/\/coronelxavierchaves.mg.gov.br\/prefeitura\/wp-json\/wp\/v2\/types\/post"}],"author":[{"embeddable":true,"href":"https:\/\/coronelxavierchaves.mg.gov.br\/prefeitura\/wp-json\/wp\/v2\/users\/3"}],"replies":[{"embeddable":true,"href":"https:\/\/coronelxavierchaves.mg.gov.br\/prefeitura\/wp-json\/wp\/v2\/comments?post=23218"}],"version-history":[{"count":3,"href":"https:\/\/coronelxavierchaves.mg.gov.br\/prefeitura\/wp-json\/wp\/v2\/posts\/23218\/revisions"}],"predecessor-version":[{"id":23226,"href":"https:\/\/coronelxavierchaves.mg.gov.br\/prefeitura\/wp-json\/wp\/v2\/posts\/23218\/revisions\/23226"}],"wp:featuredmedia":[{"embeddable":true,"href":"https:\/\/coronelxavierchaves.mg.gov.br\/prefeitura\/wp-json\/wp\/v2\/media\/4367"}],"wp:attachment":[{"href":"https:\/\/coronelxavierchaves.mg.gov.br\/prefeitura\/wp-json\/wp\/v2\/media?parent=23218"}],"wp:term":[{"taxonomy":"category","embeddable":true,"href":"https:\/\/coronelxavierchaves.mg.gov.br\/prefeitura\/wp-json\/wp\/v2\/categories?post=23218"},{"taxonomy":"post_tag","embeddable":true,"href":"https:\/\/coronelxavierchaves.mg.gov.br\/prefeitura\/wp-json\/wp\/v2\/tags?post=23218"}],"curies":[{"name":"wp","href":"https:\/\/api.w.org\/{rel}","templated":true}]}}