{"id":23239,"date":"2025-04-02T07:54:10","date_gmt":"2025-04-02T10:54:10","guid":{"rendered":"https:\/\/coronelxavierchaves.mg.gov.br\/prefeitura\/?p=23239"},"modified":"2025-04-02T07:54:10","modified_gmt":"2025-04-02T10:54:10","slug":"4o-termo-aditivo-pl-70-2021-contratacao-de-empresa-especializada-para-a-prestacao-de-servicos-de-assessoria-e-consultoria-nas-areas","status":"publish","type":"post","link":"https:\/\/coronelxavierchaves.mg.gov.br\/prefeitura\/2025\/04\/02\/4o-termo-aditivo-pl-70-2021-contratacao-de-empresa-especializada-para-a-prestacao-de-servicos-de-assessoria-e-consultoria-nas-areas\/","title":{"rendered":"4\u00ba Termo aditivo (PL 70\/2021): Contrata\u00e7\u00e3o de empresa especializada para a presta\u00e7\u00e3o de servi\u00e7os de assessoria e consultoria nas \u00e1reas&#8230;"},"content":{"rendered":"<blockquote><p>DOWNLOADS<\/p><\/blockquote>\n<ul>\n<li><a href=\"https:\/\/coronelxavierchaves.mg.gov.br\/prefeitura\/wp-content\/uploads\/2025\/04\/4o-TERMO-ADITAMENTO-avila-70-2021.pdf\">4\u00ba TERMO ADITIVO<\/a>, publicado em 02\/04\/2025 \u00e0s 07:54h.<\/li>\n<\/ul>\n<p>&nbsp;<\/p>\n<blockquote><p>OBJETO<\/p><\/blockquote>\n<div style=\"text-align: justify;\">\n<div style=\"text-align: justify;\">\n<div style=\"text-align: justify;\">\n<div>\n<div style=\"text-align: justify;\">\n<div style=\"text-align: justify;\"><b>CONTRATA\u00c7\u00c3O DE EMPRESA ESPECIALIZADA PARA A PRESTA\u00c7\u00c3O DE SERVI\u00c7OS DE ASSESSORIA E CONSULTORIA NAS \u00c1REAS DE IMPRENSA, RELA\u00c7\u00d5ES P\u00daBLICAS E COMUNICA\u00c7\u00c3O PARA DEMANDA DO GABINETE, SECRETARIAS MUNICIPAIS, DEPARTAMENTOS, DIVIS\u00d5ES, SETORES E DEMAIS UNIDADES ADMINISTRATIVAS DA PREFEITURA DE CORONEL XAVIER CHAVES<\/b><b>.\u00a0<\/b><\/div>\n<\/div>\n<div><\/div>\n<\/div>\n<div><\/div>\n<\/div>\n<\/div>\n<\/div>\n<p>&nbsp;<\/p>\n<div class=\"printshowonly\">\n<p>*<b>PUBLICA\u00c7\u00c3O<\/b><\/p>\n<ul>\n<li>Um destaque desta publica\u00e7\u00e3o foi gerado na p\u00e1gina inicial do site, dispon\u00edvel at\u00e9 que demais publica\u00e7\u00f5es sejam realizadas.<\/li>\n<li>Uma publica\u00e7\u00e3o permanente foi feita na p\u00e1gina de Editais e Licita\u00e7\u00f5es.<\/li>\n<li>Link para acesso:\u00a0http:\/\/coronelxavierchaves.mg.gov.br\/prefeitura\/wp-json\/wp\/v2\/posts\/23239<\/li>\n<\/ul>\n<\/div>\n","protected":false},"excerpt":{"rendered":"<p>DOWNLOADS 4\u00ba TERMO ADITIVO, publicado em 02\/04\/2025 \u00e0s 07:54h. &nbsp; OBJETO CONTRATA\u00c7\u00c3O DE EMPRESA ESPECIALIZADA PARA A PRESTA\u00c7\u00c3O DE SERVI\u00c7OS DE ASSESSORIA E CONSULTORIA NAS \u00c1REAS DE IMPRENSA, RELA\u00c7\u00d5ES P\u00daBLICAS E COMUNICA\u00c7\u00c3O PARA DEMANDA DO GABINETE, SECRETARIAS MUNICIPAIS, DEPARTAMENTOS, DIVIS\u00d5ES, SETORES E DEMAIS UNIDADES ADMINISTRATIVAS DA PREFEITURA DE CORONEL XAVIER CHAVES.\u00a0 &nbsp; *PUBLICA\u00c7\u00c3O Um destaque [&hellip;]<\/p>\n","protected":false},"author":3,"featured_media":4367,"comment_status":"closed","ping_status":"closed","sticky":false,"template":"","format":"standard","meta":{"footnotes":"","_links_to":"","_links_to_target":""},"categories":[139],"tags":[],"class_list":{"0":"post-23239","1":"post","2":"type-post","3":"status-publish","4":"format-standard","5":"has-post-thumbnail","7":"category-contratos-aditivos-atas-e-outros-2025"},"_links":{"self":[{"href":"https:\/\/coronelxavierchaves.mg.gov.br\/prefeitura\/wp-json\/wp\/v2\/posts\/23239","targetHints":{"allow":["GET"]}}],"collection":[{"href":"https:\/\/coronelxavierchaves.mg.gov.br\/prefeitura\/wp-json\/wp\/v2\/posts"}],"about":[{"href":"https:\/\/coronelxavierchaves.mg.gov.br\/prefeitura\/wp-json\/wp\/v2\/types\/post"}],"author":[{"embeddable":true,"href":"https:\/\/coronelxavierchaves.mg.gov.br\/prefeitura\/wp-json\/wp\/v2\/users\/3"}],"replies":[{"embeddable":true,"href":"https:\/\/coronelxavierchaves.mg.gov.br\/prefeitura\/wp-json\/wp\/v2\/comments?post=23239"}],"version-history":[{"count":1,"href":"https:\/\/coronelxavierchaves.mg.gov.br\/prefeitura\/wp-json\/wp\/v2\/posts\/23239\/revisions"}],"predecessor-version":[{"id":23242,"href":"https:\/\/coronelxavierchaves.mg.gov.br\/prefeitura\/wp-json\/wp\/v2\/posts\/23239\/revisions\/23242"}],"wp:featuredmedia":[{"embeddable":true,"href":"https:\/\/coronelxavierchaves.mg.gov.br\/prefeitura\/wp-json\/wp\/v2\/media\/4367"}],"wp:attachment":[{"href":"https:\/\/coronelxavierchaves.mg.gov.br\/prefeitura\/wp-json\/wp\/v2\/media?parent=23239"}],"wp:term":[{"taxonomy":"category","embeddable":true,"href":"https:\/\/coronelxavierchaves.mg.gov.br\/prefeitura\/wp-json\/wp\/v2\/categories?post=23239"},{"taxonomy":"post_tag","embeddable":true,"href":"https:\/\/coronelxavierchaves.mg.gov.br\/prefeitura\/wp-json\/wp\/v2\/tags?post=23239"}],"curies":[{"name":"wp","href":"https:\/\/api.w.org\/{rel}","templated":true}]}}