{"id":23271,"date":"2025-04-02T09:49:07","date_gmt":"2025-04-02T12:49:07","guid":{"rendered":"https:\/\/coronelxavierchaves.mg.gov.br\/prefeitura\/?p=23271"},"modified":"2025-04-02T09:49:07","modified_gmt":"2025-04-02T12:49:07","slug":"1o-termo-aditivo-pl-06-2025-alienacao-de-residuos-solidos-urbanos-reciclaveis","status":"publish","type":"post","link":"https:\/\/coronelxavierchaves.mg.gov.br\/prefeitura\/2025\/04\/02\/1o-termo-aditivo-pl-06-2025-alienacao-de-residuos-solidos-urbanos-reciclaveis\/","title":{"rendered":"1\u00ba Termo Aditivo (PL 06\/2025) &#8211; Aliena\u00e7\u00e3o de res\u00edduos s\u00f3lidos urbanos recicl\u00e1veis&#8230;"},"content":{"rendered":"<blockquote><p>DOWNLOADS<\/p><\/blockquote>\n<ul>\n<li><a href=\"https:\/\/coronelxavierchaves.mg.gov.br\/prefeitura\/wp-content\/uploads\/2025\/04\/1o-TA-LEILAO-RSU-06-2025.pdf\">1\u00ba TERMO ADITIVO<\/a>, publicado em 02\/04\/2025 \u00e0s 09:49h.<\/li>\n<\/ul>\n<p>&nbsp;<\/p>\n<blockquote><p>OBJETO<\/p><\/blockquote>\n<div style=\"text-align: justify;\">\n<div style=\"text-align: justify;\">\n<div style=\"text-align: justify;\">\n<div>\n<div style=\"text-align: justify;\"><b>ALIENA\u00c7\u00c3O DE RES\u00cdDUOS S\u00d3LIDOS URBANOS RECICL\u00c1VEIS ORIUNDOS DA USINA DE TRIAGEM, COMPOSTAGEM E CENTRO DE REFER\u00caNCIA EM EDUCA\u00c7\u00c3O AMBIENTAL \u201cJOS\u00c9 BENTO DE CASTRO\u201d.<\/b><\/div>\n<div><\/div>\n<\/div>\n<div><\/div>\n<\/div>\n<\/div>\n<\/div>\n<div class=\"printshowonly\">\n<p>*<b>PUBLICA\u00c7\u00c3O<\/b><\/p>\n<ul>\n<li>Um destaque desta publica\u00e7\u00e3o foi gerado na p\u00e1gina inicial do site, dispon\u00edvel at\u00e9 que demais publica\u00e7\u00f5es sejam realizadas.<\/li>\n<li>Uma publica\u00e7\u00e3o permanente foi feita na p\u00e1gina de Editais e Licita\u00e7\u00f5es.<\/li>\n<li>Link para acesso:\u00a0http:\/\/coronelxavierchaves.mg.gov.br\/prefeitura\/wp-json\/wp\/v2\/posts\/23271<\/li>\n<\/ul>\n<\/div>\n","protected":false},"excerpt":{"rendered":"<p>DOWNLOADS 1\u00ba TERMO ADITIVO, publicado em 02\/04\/2025 \u00e0s 09:49h. &nbsp; OBJETO ALIENA\u00c7\u00c3O DE RES\u00cdDUOS S\u00d3LIDOS URBANOS RECICL\u00c1VEIS ORIUNDOS DA USINA DE TRIAGEM, COMPOSTAGEM E CENTRO DE REFER\u00caNCIA EM EDUCA\u00c7\u00c3O AMBIENTAL \u201cJOS\u00c9 BENTO DE CASTRO\u201d. *PUBLICA\u00c7\u00c3O Um destaque desta publica\u00e7\u00e3o foi gerado na p\u00e1gina inicial do site, dispon\u00edvel at\u00e9 que demais publica\u00e7\u00f5es sejam realizadas. Uma publica\u00e7\u00e3o [&hellip;]<\/p>\n","protected":false},"author":3,"featured_media":4367,"comment_status":"closed","ping_status":"closed","sticky":false,"template":"","format":"standard","meta":{"footnotes":"","_links_to":"","_links_to_target":""},"categories":[139],"tags":[],"class_list":{"0":"post-23271","1":"post","2":"type-post","3":"status-publish","4":"format-standard","5":"has-post-thumbnail","7":"category-contratos-aditivos-atas-e-outros-2025"},"_links":{"self":[{"href":"https:\/\/coronelxavierchaves.mg.gov.br\/prefeitura\/wp-json\/wp\/v2\/posts\/23271","targetHints":{"allow":["GET"]}}],"collection":[{"href":"https:\/\/coronelxavierchaves.mg.gov.br\/prefeitura\/wp-json\/wp\/v2\/posts"}],"about":[{"href":"https:\/\/coronelxavierchaves.mg.gov.br\/prefeitura\/wp-json\/wp\/v2\/types\/post"}],"author":[{"embeddable":true,"href":"https:\/\/coronelxavierchaves.mg.gov.br\/prefeitura\/wp-json\/wp\/v2\/users\/3"}],"replies":[{"embeddable":true,"href":"https:\/\/coronelxavierchaves.mg.gov.br\/prefeitura\/wp-json\/wp\/v2\/comments?post=23271"}],"version-history":[{"count":1,"href":"https:\/\/coronelxavierchaves.mg.gov.br\/prefeitura\/wp-json\/wp\/v2\/posts\/23271\/revisions"}],"predecessor-version":[{"id":23273,"href":"https:\/\/coronelxavierchaves.mg.gov.br\/prefeitura\/wp-json\/wp\/v2\/posts\/23271\/revisions\/23273"}],"wp:featuredmedia":[{"embeddable":true,"href":"https:\/\/coronelxavierchaves.mg.gov.br\/prefeitura\/wp-json\/wp\/v2\/media\/4367"}],"wp:attachment":[{"href":"https:\/\/coronelxavierchaves.mg.gov.br\/prefeitura\/wp-json\/wp\/v2\/media?parent=23271"}],"wp:term":[{"taxonomy":"category","embeddable":true,"href":"https:\/\/coronelxavierchaves.mg.gov.br\/prefeitura\/wp-json\/wp\/v2\/categories?post=23271"},{"taxonomy":"post_tag","embeddable":true,"href":"https:\/\/coronelxavierchaves.mg.gov.br\/prefeitura\/wp-json\/wp\/v2\/tags?post=23271"}],"curies":[{"name":"wp","href":"https:\/\/api.w.org\/{rel}","templated":true}]}}