{"id":23310,"date":"2025-04-04T08:15:13","date_gmt":"2025-04-04T11:15:13","guid":{"rendered":"https:\/\/coronelxavierchaves.mg.gov.br\/prefeitura\/?p=23310"},"modified":"2025-04-04T08:15:13","modified_gmt":"2025-04-04T11:15:13","slug":"contrato-pa-41-2025-contratacao-de-empresa-para-o-servico-de-locacao-de-kit-de-mesa-de-madeira-dobravel-mesa-quatro-cadeiras","status":"publish","type":"post","link":"https:\/\/coronelxavierchaves.mg.gov.br\/prefeitura\/2025\/04\/04\/contrato-pa-41-2025-contratacao-de-empresa-para-o-servico-de-locacao-de-kit-de-mesa-de-madeira-dobravel-mesa-quatro-cadeiras\/","title":{"rendered":"Contrato (PA 41\/2025) &#8211; Contrata\u00e7\u00e3o De Empresa Para O Servi\u00e7o De Loca\u00e7\u00e3o De Kit De Mesa De Madeira Dobr\u00e1vel (Mesa + Quatro Cadeiras)"},"content":{"rendered":"<blockquote><p>DOWNLOADS<\/p><\/blockquote>\n<ul>\n<li><a href=\"https:\/\/coronelxavierchaves.mg.gov.br\/prefeitura\/wp-content\/uploads\/2025\/04\/CONTRATO-41-2025.pdf\">CONTRATO<\/a>, publicado em 04\/04\/2025 \u00e0s 08:15h.<\/li>\n<\/ul>\n<blockquote><p>OBJETO<\/p><\/blockquote>\n<div style=\"text-align: justify;\">\n<div style=\"text-align: justify;\">\n<p><b>CONTRATA\u00c7\u00c3O DE EMPRESA PARA O SERVI\u00c7O DE LOCA\u00c7\u00c3O DE KIT DE MESA DE MADEIRA DOBR\u00c1VEL (MESA + QUATRO CADEIRAS) A SEREM UTILIZADOS NA PRA\u00c7A DE ALIMENTA\u00c7\u00c3O DURANTE O III FESTIVAL DO QUEIJO E DA CACHA\u00c7A DAS VERTENTES NA CIDADE DE\u00a0 CORONEL XAVIER CHAVES\/MG<\/b>.<\/p>\n<\/div>\n<div>\n<p>&nbsp;<\/p>\n<div>\n<p>*<b>PUBLICA\u00c7\u00c3O<\/b><\/p>\n<ul>\n<li>Um destaque desta publica\u00e7\u00e3o foi gerado na p\u00e1gina inicial do site, dispon\u00edvel at\u00e9 que demais publica\u00e7\u00f5es sejam realizadas.<\/li>\n<li>Uma publica\u00e7\u00e3o permanente foi feita na p\u00e1gina de Editais e Licita\u00e7\u00f5es.<\/li>\n<\/ul>\n<\/div>\n<\/div>\n<\/div>\n","protected":false},"excerpt":{"rendered":"<p>DOWNLOADS CONTRATO, publicado em 04\/04\/2025 \u00e0s 08:15h. OBJETO CONTRATA\u00c7\u00c3O DE EMPRESA PARA O SERVI\u00c7O DE LOCA\u00c7\u00c3O DE KIT DE MESA DE MADEIRA DOBR\u00c1VEL (MESA + QUATRO CADEIRAS) A SEREM UTILIZADOS NA PRA\u00c7A DE ALIMENTA\u00c7\u00c3O DURANTE O III FESTIVAL DO QUEIJO E DA CACHA\u00c7A DAS VERTENTES NA CIDADE DE\u00a0 CORONEL XAVIER CHAVES\/MG. &nbsp; *PUBLICA\u00c7\u00c3O Um destaque [&hellip;]<\/p>\n","protected":false},"author":3,"featured_media":4367,"comment_status":"closed","ping_status":"closed","sticky":false,"template":"","format":"standard","meta":{"footnotes":"","_links_to":"","_links_to_target":""},"categories":[139],"tags":[],"class_list":{"0":"post-23310","1":"post","2":"type-post","3":"status-publish","4":"format-standard","5":"has-post-thumbnail","7":"category-contratos-aditivos-atas-e-outros-2025"},"_links":{"self":[{"href":"https:\/\/coronelxavierchaves.mg.gov.br\/prefeitura\/wp-json\/wp\/v2\/posts\/23310","targetHints":{"allow":["GET"]}}],"collection":[{"href":"https:\/\/coronelxavierchaves.mg.gov.br\/prefeitura\/wp-json\/wp\/v2\/posts"}],"about":[{"href":"https:\/\/coronelxavierchaves.mg.gov.br\/prefeitura\/wp-json\/wp\/v2\/types\/post"}],"author":[{"embeddable":true,"href":"https:\/\/coronelxavierchaves.mg.gov.br\/prefeitura\/wp-json\/wp\/v2\/users\/3"}],"replies":[{"embeddable":true,"href":"https:\/\/coronelxavierchaves.mg.gov.br\/prefeitura\/wp-json\/wp\/v2\/comments?post=23310"}],"version-history":[{"count":1,"href":"https:\/\/coronelxavierchaves.mg.gov.br\/prefeitura\/wp-json\/wp\/v2\/posts\/23310\/revisions"}],"predecessor-version":[{"id":23313,"href":"https:\/\/coronelxavierchaves.mg.gov.br\/prefeitura\/wp-json\/wp\/v2\/posts\/23310\/revisions\/23313"}],"wp:featuredmedia":[{"embeddable":true,"href":"https:\/\/coronelxavierchaves.mg.gov.br\/prefeitura\/wp-json\/wp\/v2\/media\/4367"}],"wp:attachment":[{"href":"https:\/\/coronelxavierchaves.mg.gov.br\/prefeitura\/wp-json\/wp\/v2\/media?parent=23310"}],"wp:term":[{"taxonomy":"category","embeddable":true,"href":"https:\/\/coronelxavierchaves.mg.gov.br\/prefeitura\/wp-json\/wp\/v2\/categories?post=23310"},{"taxonomy":"post_tag","embeddable":true,"href":"https:\/\/coronelxavierchaves.mg.gov.br\/prefeitura\/wp-json\/wp\/v2\/tags?post=23310"}],"curies":[{"name":"wp","href":"https:\/\/api.w.org\/{rel}","templated":true}]}}