{"id":23323,"date":"2025-04-04T08:28:12","date_gmt":"2025-04-04T11:28:12","guid":{"rendered":"https:\/\/coronelxavierchaves.mg.gov.br\/prefeitura\/?p=23323"},"modified":"2025-04-04T08:28:12","modified_gmt":"2025-04-04T11:28:12","slug":"contrato-pa-33-2025-dispensa-09-2025-contratacao-do-consorcio-intermunicipal-de-gestao-e-desenvolvimento-ambiental-sustentavel-das-vertentes-cigedas-vertentes-para-elaboracao-de-projetos-de","status":"publish","type":"post","link":"https:\/\/coronelxavierchaves.mg.gov.br\/prefeitura\/2025\/04\/04\/contrato-pa-33-2025-dispensa-09-2025-contratacao-do-consorcio-intermunicipal-de-gestao-e-desenvolvimento-ambiental-sustentavel-das-vertentes-cigedas-vertentes-para-elaboracao-de-projetos-de\/","title":{"rendered":"Contrato (PA 33\/2025) &#8211; Dispensa (09\/2025) &#8211; Contrata\u00e7\u00e3o do Cons\u00f3rcio Intermunicipal de Gest\u00e3o e Desenvolvimento Ambiental Sustent\u00e1vel das Vertentes &#8211; CIGEDAS Vertentes, para elabora\u00e7\u00e3o de projetos de Rede de Distribui\u00e7\u00e3o A\u00e9rea (RDA)&#8230;"},"content":{"rendered":"<blockquote><p>DOWNLOADS<\/p><\/blockquote>\n<ul>\n<li><a href=\"https:\/\/coronelxavierchaves.mg.gov.br\/prefeitura\/wp-content\/uploads\/2025\/04\/CONTRATO-CIGEDAS-PROJ-ELETRICO-33-2025.pdf\">CONTRATO <\/a>, publicado em 04\/04\/2025 \u00e0s 08:28h.<\/li>\n<\/ul>\n<blockquote><p>OBJETO<\/p><\/blockquote>\n<div style=\"text-align: justify;\">\n<div style=\"text-align: justify;\">\n<p>Contrata\u00e7\u00e3o do Cons\u00f3rcio Intermunicipal de Gest\u00e3o e Desenvolvimento Ambiental Sustent\u00e1vel das Vertentes &#8211; CIGEDAS Vertentes, para elabora\u00e7\u00e3o de projetos de Rede de Distribui\u00e7\u00e3o A\u00e9rea (RDA), Distribui\u00e7\u00e3o de Energia Subterr\u00e2nea (RDS), Infra estrutura Civil para Telecomunica\u00e7\u00f5es (ICT), Ilumina\u00e7\u00e3o P\u00fablica (IP) e Ilumina\u00e7\u00e3o Monumental (IM) com fornecimento de material no munic\u00edpio de\u00a0 Coronel Xavier Chaves\/MG.<\/p>\n<\/div>\n<div>\n<p>&nbsp;<\/p>\n<div>\n<p>*<b>PUBLICA\u00c7\u00c3O<\/b><\/p>\n<ul>\n<li>Um destaque desta publica\u00e7\u00e3o foi gerado na p\u00e1gina inicial do site, dispon\u00edvel at\u00e9 que demais publica\u00e7\u00f5es sejam realizadas.<\/li>\n<li>Uma publica\u00e7\u00e3o permanente foi feita na p\u00e1gina de Editais e Licita\u00e7\u00f5es.<\/li>\n<li>Link para acesso:\u00a0http:\/\/coronelxavierchaves.mg.gov.br\/prefeitura\/wp-json\/wp\/v2\/posts\/23323<\/li>\n<\/ul>\n<\/div>\n<\/div>\n<\/div>\n","protected":false},"excerpt":{"rendered":"<p>DOWNLOADS CONTRATO , publicado em 04\/04\/2025 \u00e0s 08:28h. OBJETO Contrata\u00e7\u00e3o do Cons\u00f3rcio Intermunicipal de Gest\u00e3o e Desenvolvimento Ambiental Sustent\u00e1vel das Vertentes &#8211; CIGEDAS Vertentes, para elabora\u00e7\u00e3o de projetos de Rede de Distribui\u00e7\u00e3o A\u00e9rea (RDA), Distribui\u00e7\u00e3o de Energia Subterr\u00e2nea (RDS), Infra estrutura Civil para Telecomunica\u00e7\u00f5es (ICT), Ilumina\u00e7\u00e3o P\u00fablica (IP) e Ilumina\u00e7\u00e3o Monumental (IM) com fornecimento de [&hellip;]<\/p>\n","protected":false},"author":3,"featured_media":4367,"comment_status":"closed","ping_status":"closed","sticky":false,"template":"","format":"standard","meta":{"footnotes":"","_links_to":"","_links_to_target":""},"categories":[139],"tags":[],"class_list":{"0":"post-23323","1":"post","2":"type-post","3":"status-publish","4":"format-standard","5":"has-post-thumbnail","7":"category-contratos-aditivos-atas-e-outros-2025"},"_links":{"self":[{"href":"https:\/\/coronelxavierchaves.mg.gov.br\/prefeitura\/wp-json\/wp\/v2\/posts\/23323","targetHints":{"allow":["GET"]}}],"collection":[{"href":"https:\/\/coronelxavierchaves.mg.gov.br\/prefeitura\/wp-json\/wp\/v2\/posts"}],"about":[{"href":"https:\/\/coronelxavierchaves.mg.gov.br\/prefeitura\/wp-json\/wp\/v2\/types\/post"}],"author":[{"embeddable":true,"href":"https:\/\/coronelxavierchaves.mg.gov.br\/prefeitura\/wp-json\/wp\/v2\/users\/3"}],"replies":[{"embeddable":true,"href":"https:\/\/coronelxavierchaves.mg.gov.br\/prefeitura\/wp-json\/wp\/v2\/comments?post=23323"}],"version-history":[{"count":1,"href":"https:\/\/coronelxavierchaves.mg.gov.br\/prefeitura\/wp-json\/wp\/v2\/posts\/23323\/revisions"}],"predecessor-version":[{"id":23325,"href":"https:\/\/coronelxavierchaves.mg.gov.br\/prefeitura\/wp-json\/wp\/v2\/posts\/23323\/revisions\/23325"}],"wp:featuredmedia":[{"embeddable":true,"href":"https:\/\/coronelxavierchaves.mg.gov.br\/prefeitura\/wp-json\/wp\/v2\/media\/4367"}],"wp:attachment":[{"href":"https:\/\/coronelxavierchaves.mg.gov.br\/prefeitura\/wp-json\/wp\/v2\/media?parent=23323"}],"wp:term":[{"taxonomy":"category","embeddable":true,"href":"https:\/\/coronelxavierchaves.mg.gov.br\/prefeitura\/wp-json\/wp\/v2\/categories?post=23323"},{"taxonomy":"post_tag","embeddable":true,"href":"https:\/\/coronelxavierchaves.mg.gov.br\/prefeitura\/wp-json\/wp\/v2\/tags?post=23323"}],"curies":[{"name":"wp","href":"https:\/\/api.w.org\/{rel}","templated":true}]}}