{"id":23333,"date":"2025-04-07T08:03:09","date_gmt":"2025-04-07T11:03:09","guid":{"rendered":"https:\/\/coronelxavierchaves.mg.gov.br\/prefeitura\/?p=23333"},"modified":"2025-04-28T13:31:18","modified_gmt":"2025-04-28T16:31:18","slug":"autorizacao-pa-46-2025-contratacao-do-senac-minas-para-a-realizacao-de-04-quatro-workshops-integrando-a-programacao-oficial-do-iii-festival-do-queijo-e-da-cachaca-das-vertentes","status":"publish","type":"post","link":"https:\/\/coronelxavierchaves.mg.gov.br\/prefeitura\/2025\/04\/07\/autorizacao-pa-46-2025-contratacao-do-senac-minas-para-a-realizacao-de-04-quatro-workshops-integrando-a-programacao-oficial-do-iii-festival-do-queijo-e-da-cachaca-das-vertentes\/","title":{"rendered":"Autoriza\u00e7\u00e3o (PA 46\/2025) &#8211; Contrata\u00e7\u00e3o do SENAC MINAS para a realiza\u00e7\u00e3o de 04 quatro) workshops integrando a programa\u00e7\u00e3o oficial do III Festival do Queijo e da Cacha\u00e7a das Vertentes"},"content":{"rendered":"<blockquote><p>DOWNLOADS<\/p><\/blockquote>\n<ul>\n<li><a href=\"https:\/\/coronelxavierchaves.mg.gov.br\/prefeitura\/wp-content\/uploads\/2025\/04\/AUTORIZACAO-PARA-CONTRATACAO-46-2025.pdf\">AUTORIZA\u00c7\u00c3O<\/a>, publicado em 07\/04\/2025 \u00e0s 08:03h.<\/li>\n<li><a href=\"https:\/\/coronelxavierchaves.mg.gov.br\/prefeitura\/wp-content\/uploads\/2025\/04\/CONTRATO-SENAC-46-2025.pdf\">CONTRATO<\/a>, publicado em 28\/04\/2025 \u00e0s 13:31h.<\/li>\n<\/ul>\n<blockquote><p>OBJETO<\/p><\/blockquote>\n<div style=\"text-align: justify;\">\n<div style=\"text-align: justify;\">\n<p>Contrata\u00e7\u00e3o do SENAC MINAS para a realiza\u00e7\u00e3o de 04 (quatro)\u00a0<i>workshops<\/i>\u00a0voltados \u00e0 prepara\u00e7\u00e3o de pratos com queijo e cacha\u00e7a, integrando a programa\u00e7\u00e3o oficial do III Festival do Queijo e da Cacha\u00e7a das Vertentes.<\/p>\n<\/div>\n<div>\n<p>&nbsp;<\/p>\n<div>\n<p>*<b>PUBLICA\u00c7\u00c3O<\/b><\/p>\n<ul>\n<li>Um destaque desta publica\u00e7\u00e3o foi gerado na p\u00e1gina inicial do site, dispon\u00edvel at\u00e9 que demais publica\u00e7\u00f5es sejam realizadas.<\/li>\n<li>Uma publica\u00e7\u00e3o permanente foi feita na p\u00e1gina de Editais e Licita\u00e7\u00f5es.<\/li>\n<\/ul>\n<\/div>\n<\/div>\n<\/div>\n","protected":false},"excerpt":{"rendered":"<p>DOWNLOADS AUTORIZA\u00c7\u00c3O, publicado em 07\/04\/2025 \u00e0s 08:03h. CONTRATO, publicado em 28\/04\/2025 \u00e0s 13:31h. OBJETO Contrata\u00e7\u00e3o do SENAC MINAS para a realiza\u00e7\u00e3o de 04 (quatro)\u00a0workshops\u00a0voltados \u00e0 prepara\u00e7\u00e3o de pratos com queijo e cacha\u00e7a, integrando a programa\u00e7\u00e3o oficial do III Festival do Queijo e da Cacha\u00e7a das Vertentes. &nbsp; *PUBLICA\u00c7\u00c3O Um destaque desta publica\u00e7\u00e3o foi gerado na [&hellip;]<\/p>\n","protected":false},"author":3,"featured_media":4367,"comment_status":"closed","ping_status":"closed","sticky":false,"template":"","format":"standard","meta":{"footnotes":"","_links_to":"","_links_to_target":""},"categories":[139],"tags":[],"class_list":{"0":"post-23333","1":"post","2":"type-post","3":"status-publish","4":"format-standard","5":"has-post-thumbnail","7":"category-contratos-aditivos-atas-e-outros-2025"},"_links":{"self":[{"href":"https:\/\/coronelxavierchaves.mg.gov.br\/prefeitura\/wp-json\/wp\/v2\/posts\/23333","targetHints":{"allow":["GET"]}}],"collection":[{"href":"https:\/\/coronelxavierchaves.mg.gov.br\/prefeitura\/wp-json\/wp\/v2\/posts"}],"about":[{"href":"https:\/\/coronelxavierchaves.mg.gov.br\/prefeitura\/wp-json\/wp\/v2\/types\/post"}],"author":[{"embeddable":true,"href":"https:\/\/coronelxavierchaves.mg.gov.br\/prefeitura\/wp-json\/wp\/v2\/users\/3"}],"replies":[{"embeddable":true,"href":"https:\/\/coronelxavierchaves.mg.gov.br\/prefeitura\/wp-json\/wp\/v2\/comments?post=23333"}],"version-history":[{"count":3,"href":"https:\/\/coronelxavierchaves.mg.gov.br\/prefeitura\/wp-json\/wp\/v2\/posts\/23333\/revisions"}],"predecessor-version":[{"id":23542,"href":"https:\/\/coronelxavierchaves.mg.gov.br\/prefeitura\/wp-json\/wp\/v2\/posts\/23333\/revisions\/23542"}],"wp:featuredmedia":[{"embeddable":true,"href":"https:\/\/coronelxavierchaves.mg.gov.br\/prefeitura\/wp-json\/wp\/v2\/media\/4367"}],"wp:attachment":[{"href":"https:\/\/coronelxavierchaves.mg.gov.br\/prefeitura\/wp-json\/wp\/v2\/media?parent=23333"}],"wp:term":[{"taxonomy":"category","embeddable":true,"href":"https:\/\/coronelxavierchaves.mg.gov.br\/prefeitura\/wp-json\/wp\/v2\/categories?post=23333"},{"taxonomy":"post_tag","embeddable":true,"href":"https:\/\/coronelxavierchaves.mg.gov.br\/prefeitura\/wp-json\/wp\/v2\/tags?post=23333"}],"curies":[{"name":"wp","href":"https:\/\/api.w.org\/{rel}","templated":true}]}}