{"id":23419,"date":"2025-04-09T11:45:54","date_gmt":"2025-04-09T14:45:54","guid":{"rendered":"https:\/\/coronelxavierchaves.mg.gov.br\/prefeitura\/?p=23419"},"modified":"2025-04-10T15:25:36","modified_gmt":"2025-04-10T18:25:36","slug":"editais-de-convocacao-temporaria-concurso-001-2024","status":"publish","type":"post","link":"https:\/\/coronelxavierchaves.mg.gov.br\/prefeitura\/2025\/04\/09\/editais-de-convocacao-temporaria-concurso-001-2024\/","title":{"rendered":"Editais de Convoca\u00e7\u00e3o Tempor\u00e1ria Concurso 001\/2024"},"content":{"rendered":"<p style=\"text-align: justify;\">\u00a0Edital de Convoca\u00e7\u00e3o do Processo Seletivo 001\/2024.<\/p>\n<ul>\n<li><a href=\"https:\/\/coronelxavierchaves.mg.gov.br\/prefeitura\/wp-content\/uploads\/2025\/04\/001-2024-Faxineiro.pdf\">EDITAL DE CONVOCA\u00c7\u00c3O: FAXINEIRO<\/a>, publicado em 09\/04\/2025 \u00e0s 11:45h.<\/li>\n<li><a href=\"https:\/\/coronelxavierchaves.mg.gov.br\/prefeitura\/wp-content\/uploads\/2025\/04\/001-2024-Operario-II.pdf\">EDITAL DE CONVOCA\u00c7\u00c3O: OPER\u00c1RIO II<\/a>, publicado em 09\/04\/2025 \u00e0s 11:49h.<\/li>\n<li><a href=\"https:\/\/coronelxavierchaves.mg.gov.br\/prefeitura\/wp-content\/uploads\/2025\/04\/EDITAL-DE-CONVOCACAO-CONCURSO-012024-PROFESSOR-MUNICIPAL.pdf\">EDITAL DE CONVOCA\u00c7\u00c3O: PROFESSOR MUNICIPAL<\/a>, publicado em 10\/04\/2025 \u00e0s 15:25h.<\/li>\n<\/ul>\n","protected":false},"excerpt":{"rendered":"<p>\u00a0Edital de Convoca\u00e7\u00e3o do Processo Seletivo 001\/2024. EDITAL DE CONVOCA\u00c7\u00c3O: FAXINEIRO, publicado em 09\/04\/2025 \u00e0s 11:45h. EDITAL DE CONVOCA\u00c7\u00c3O: OPER\u00c1RIO II, publicado em 09\/04\/2025 \u00e0s 11:49h. EDITAL DE CONVOCA\u00c7\u00c3O: PROFESSOR MUNICIPAL, publicado em 10\/04\/2025 \u00e0s 15:25h.<\/p>\n","protected":false},"author":3,"featured_media":4366,"comment_status":"closed","ping_status":"closed","sticky":false,"template":"","format":"standard","meta":{"footnotes":"","_links_to":"","_links_to_target":""},"categories":[149],"tags":[],"class_list":{"0":"post-23419","1":"post","2":"type-post","3":"status-publish","4":"format-standard","5":"has-post-thumbnail","7":"category-convocacao-temporaria-2025"},"_links":{"self":[{"href":"https:\/\/coronelxavierchaves.mg.gov.br\/prefeitura\/wp-json\/wp\/v2\/posts\/23419","targetHints":{"allow":["GET"]}}],"collection":[{"href":"https:\/\/coronelxavierchaves.mg.gov.br\/prefeitura\/wp-json\/wp\/v2\/posts"}],"about":[{"href":"https:\/\/coronelxavierchaves.mg.gov.br\/prefeitura\/wp-json\/wp\/v2\/types\/post"}],"author":[{"embeddable":true,"href":"https:\/\/coronelxavierchaves.mg.gov.br\/prefeitura\/wp-json\/wp\/v2\/users\/3"}],"replies":[{"embeddable":true,"href":"https:\/\/coronelxavierchaves.mg.gov.br\/prefeitura\/wp-json\/wp\/v2\/comments?post=23419"}],"version-history":[{"count":5,"href":"https:\/\/coronelxavierchaves.mg.gov.br\/prefeitura\/wp-json\/wp\/v2\/posts\/23419\/revisions"}],"predecessor-version":[{"id":23423,"href":"https:\/\/coronelxavierchaves.mg.gov.br\/prefeitura\/wp-json\/wp\/v2\/posts\/23419\/revisions\/23423"}],"wp:featuredmedia":[{"embeddable":true,"href":"https:\/\/coronelxavierchaves.mg.gov.br\/prefeitura\/wp-json\/wp\/v2\/media\/4366"}],"wp:attachment":[{"href":"https:\/\/coronelxavierchaves.mg.gov.br\/prefeitura\/wp-json\/wp\/v2\/media?parent=23419"}],"wp:term":[{"taxonomy":"category","embeddable":true,"href":"https:\/\/coronelxavierchaves.mg.gov.br\/prefeitura\/wp-json\/wp\/v2\/categories?post=23419"},{"taxonomy":"post_tag","embeddable":true,"href":"https:\/\/coronelxavierchaves.mg.gov.br\/prefeitura\/wp-json\/wp\/v2\/tags?post=23419"}],"curies":[{"name":"wp","href":"https:\/\/api.w.org\/{rel}","templated":true}]}}