{"id":23428,"date":"2025-04-09T14:20:14","date_gmt":"2025-04-09T17:20:14","guid":{"rendered":"https:\/\/coronelxavierchaves.mg.gov.br\/prefeitura\/?p=23428"},"modified":"2025-04-09T14:20:14","modified_gmt":"2025-04-09T17:20:14","slug":"portaria-no-3-811-de-08-de-abril-de-2025-dispoe-sobre-a-criacao-da-sala-multidisciplinar-e-a-constituicao-da-equipe-multidisciplinar","status":"publish","type":"post","link":"https:\/\/coronelxavierchaves.mg.gov.br\/prefeitura\/2025\/04\/09\/portaria-no-3-811-de-08-de-abril-de-2025-dispoe-sobre-a-criacao-da-sala-multidisciplinar-e-a-constituicao-da-equipe-multidisciplinar\/","title":{"rendered":"Portaria N\u00ba 3.811 de 08 de abril de 2025 &#8211; &#8220;Disp\u00f5e sobre a cria\u00e7\u00e3o da Sala Multidisciplinar e a constitui\u00e7\u00e3o da equipe multidisciplinar&#8221;"},"content":{"rendered":"<p>Disp\u00f5e sobre a cria\u00e7\u00e3o da Sala Multidisciplinar e a constitui\u00e7\u00e3o da equipe multidisciplinar na Escola Municipal Sebasti\u00e3o Patr\u00edcio Pinto, e d\u00e1 outras provid\u00eancias.&#8221;<\/p>\n<blockquote><p>DOWNLOADS<\/p><\/blockquote>\n<ul>\n<li><a href=\"https:\/\/coronelxavierchaves.mg.gov.br\/prefeitura\/wp-content\/uploads\/2025\/04\/Portaria-3812-da-equipe-muldisciplinar.pdf\">PORTARIA<\/a>, publicado em 09\/04\/2025 \u00e0s 14:20h.<\/li>\n<\/ul>\n<div>\n<div style=\"text-align: justify;\">\n<div style=\"text-align: justify;\">\n<div><\/div>\n<\/div>\n<\/div>\n<\/div>\n<div><\/div>\n<div class=\"printshowonly\">\n<p>*<b>PUBLICA\u00c7\u00c3O<\/b><\/p>\n<ul>\n<li>Um destaque desta publica\u00e7\u00e3o foi gerado na p\u00e1gina inicial do site, dispon\u00edvel at\u00e9 que demais publica\u00e7\u00f5es sejam realizadas.<\/li>\n<li>Uma publica\u00e7\u00e3o permanente foi feita na p\u00e1gina de Publica\u00e7\u00f5es.<\/li>\n<li>Link para acesso:\u00a0http:\/\/coronelxavierchaves.mg.gov.br\/prefeitura\/wp-json\/wp\/v2\/posts\/23428<\/li>\n<\/ul>\n<\/div>\n","protected":false},"excerpt":{"rendered":"<p>Disp\u00f5e sobre a cria\u00e7\u00e3o da Sala Multidisciplinar e a constitui\u00e7\u00e3o da equipe multidisciplinar na Escola Municipal Sebasti\u00e3o Patr\u00edcio Pinto, e d\u00e1 outras provid\u00eancias.&#8221; DOWNLOADS PORTARIA, publicado em 09\/04\/2025 \u00e0s 14:20h. *PUBLICA\u00c7\u00c3O Um destaque desta publica\u00e7\u00e3o foi gerado na p\u00e1gina inicial do site, dispon\u00edvel at\u00e9 que demais publica\u00e7\u00f5es sejam realizadas. Uma publica\u00e7\u00e3o permanente foi feita na [&hellip;]<\/p>\n","protected":false},"author":3,"featured_media":4367,"comment_status":"closed","ping_status":"closed","sticky":false,"template":"","format":"standard","meta":{"footnotes":"","_links_to":"","_links_to_target":""},"categories":[143],"tags":[],"class_list":{"0":"post-23428","1":"post","2":"type-post","3":"status-publish","4":"format-standard","5":"has-post-thumbnail","7":"category-portarias-2025"},"_links":{"self":[{"href":"https:\/\/coronelxavierchaves.mg.gov.br\/prefeitura\/wp-json\/wp\/v2\/posts\/23428","targetHints":{"allow":["GET"]}}],"collection":[{"href":"https:\/\/coronelxavierchaves.mg.gov.br\/prefeitura\/wp-json\/wp\/v2\/posts"}],"about":[{"href":"https:\/\/coronelxavierchaves.mg.gov.br\/prefeitura\/wp-json\/wp\/v2\/types\/post"}],"author":[{"embeddable":true,"href":"https:\/\/coronelxavierchaves.mg.gov.br\/prefeitura\/wp-json\/wp\/v2\/users\/3"}],"replies":[{"embeddable":true,"href":"https:\/\/coronelxavierchaves.mg.gov.br\/prefeitura\/wp-json\/wp\/v2\/comments?post=23428"}],"version-history":[{"count":1,"href":"https:\/\/coronelxavierchaves.mg.gov.br\/prefeitura\/wp-json\/wp\/v2\/posts\/23428\/revisions"}],"predecessor-version":[{"id":23430,"href":"https:\/\/coronelxavierchaves.mg.gov.br\/prefeitura\/wp-json\/wp\/v2\/posts\/23428\/revisions\/23430"}],"wp:featuredmedia":[{"embeddable":true,"href":"https:\/\/coronelxavierchaves.mg.gov.br\/prefeitura\/wp-json\/wp\/v2\/media\/4367"}],"wp:attachment":[{"href":"https:\/\/coronelxavierchaves.mg.gov.br\/prefeitura\/wp-json\/wp\/v2\/media?parent=23428"}],"wp:term":[{"taxonomy":"category","embeddable":true,"href":"https:\/\/coronelxavierchaves.mg.gov.br\/prefeitura\/wp-json\/wp\/v2\/categories?post=23428"},{"taxonomy":"post_tag","embeddable":true,"href":"https:\/\/coronelxavierchaves.mg.gov.br\/prefeitura\/wp-json\/wp\/v2\/tags?post=23428"}],"curies":[{"name":"wp","href":"https:\/\/api.w.org\/{rel}","templated":true}]}}