{"id":23451,"date":"2025-04-14T14:49:25","date_gmt":"2025-04-14T17:49:25","guid":{"rendered":"https:\/\/coronelxavierchaves.mg.gov.br\/prefeitura\/?p=23451"},"modified":"2025-04-28T13:48:14","modified_gmt":"2025-04-28T16:48:14","slug":"manifestacao-de-interesse-para-dispensa-eletronica-pa-53-2025-aquisicao-de-balcao-em-u-confeccionado-em-mdf","status":"publish","type":"post","link":"https:\/\/coronelxavierchaves.mg.gov.br\/prefeitura\/2025\/04\/14\/manifestacao-de-interesse-para-dispensa-eletronica-pa-53-2025-aquisicao-de-balcao-em-u-confeccionado-em-mdf\/","title":{"rendered":"Manifesta\u00e7\u00e3o de interesse para dispensa eletr\u00f4nica (PA 53\/2025) &#8211; Aquisi\u00e7\u00e3o de balc\u00e3o em \u201cU\u201d, confeccionado em MDF"},"content":{"rendered":"<blockquote>\n<p style=\"text-align: center;\">DOWNLOADS<\/p>\n<\/blockquote>\n<ul>\n<li style=\"list-style-type: none;\">\n<ul>\n<li style=\"list-style-type: none;\">\n<ul>\n<li><a href=\"https:\/\/coronelxavierchaves.mg.gov.br\/prefeitura\/wp-content\/uploads\/2025\/04\/AVISO-DE-DISPENSA-53-2025.pdf\">AVISO DE DISPENSA<\/a>, publicado em 14\/04\/2025 \u00e0s 14:49h.<\/li>\n<li><a href=\"https:\/\/coronelxavierchaves.mg.gov.br\/prefeitura\/wp-content\/uploads\/2025\/04\/CONTRATO-53-2025.pdf\">CONTRATO<\/a>, publicado em 28\/04\/2025 \u00e0s 13:48h.<\/li>\n<\/ul>\n<\/li>\n<\/ul>\n<\/li>\n<\/ul>\n<blockquote>\n<p style=\"text-align: center;\">MANIFESTA\u00c7\u00c3O DE INTERESSE PARA DISPENSA ELETR\u00d4NICA<\/p>\n<\/blockquote>\n<p style=\"text-align: justify;\">Prefeitura Municipal de Coronel Xavier Chaves\/MG. Manifesta\u00e7\u00e3o de interesse para Dispensa Eletr\u00f4nica \u2013\u00a0<strong>Processo Administrativo \u2013 53\/2025, Dispensa Eletr\u00f4nica \u2013 16\/2025, do tipo Menor Pre\u00e7o do Lote. Objeto:<\/strong><strong>\u00a0<\/strong><strong>AQUISI\u00c7\u00c3O DE BALC\u00c3O EM \u201cU\u201d, CONFECCIONADO EM MDF PARA SER UTILIZADO NA COZINHA SHOW DO FESTIVAL DO QUEIJO E CACHA\u00c7A DAS VERTENTES, EM CONFORMIDADE COM AS ESPECIFICA\u00c7\u00d5ES DESCRITAS NO TERMO DE REFER\u00caNCIA.<\/strong>\u00a0Limite de acolhimento das propostas: dia 22\/04\/2025 \u00e0s 07h59min. DISPUTA: 22\/04\/2025, das 08h30min \u00e0s 09h30min, na Plataforma LICITAPP,\u00a0<a href=\"https:\/\/coronelxavierchaves.licitapp.com.br\/\/\" data-saferedirecturl=\"https:\/\/www.google.com\/url?q=https:\/\/coronelxavierchaves.licitapp.com.br\/\/&amp;source=gmail&amp;ust=1744738970242000&amp;usg=AOvVaw2Pi5nC9LucqARnEwkicsyR\">https:\/\/coronelxavierchaves.licitapp.com.br\/\/<\/a>. O edital de Manifesta\u00e7\u00e3o de interesse para Dispensa Eletr\u00f4nica est\u00e1 dispon\u00edvel no site \u201c<a href=\"http:\/\/www.coronelxavierchaves.mg.gov.br\/\" data-saferedirecturl=\"https:\/\/www.google.com\/url?q=http:\/\/www.coronelxavierchaves.mg.gov.br&amp;source=gmail&amp;ust=1744738970242000&amp;usg=AOvVaw28nMHe7rxVeS1rCtqjJHAR\">www.coronelxavierchaves.mg.gov.br<\/a>\u201c,mais informa\u00e7\u00f5es na prefeitura municipal \u00e0 Rua Padre Reis, 84, Centro, Coronel Xavier Chaves\/MG, no hor\u00e1rio de 08h00min \u00e0s 12h00min e de 13h00min \u00e0s 16h00min. Tel.: (32) 3216-1053 (<em>Ramais 109 e 110<\/em>)\/ (32) 9 9199-6496 (<em>Whatsapp<\/em>). Coronel Xavier Chaves, 14 de abril de 2025. Beatriz Rayze de Resende \u2013 Agente de Contrata\u00e7\u00e3o.<\/p>\n<p>&#8212;&#8211;<\/p>\n<p>&nbsp;<\/p>\n<div class=\"printshowonly\">\n<p>*<b>PUBLICA\u00c7\u00c3O<\/b><\/p>\n<ul>\n<li>Um destaque desta publica\u00e7\u00e3o foi gerado na p\u00e1gina inicial do site, dispon\u00edvel at\u00e9 que demais publica\u00e7\u00f5es sejam realizadas.<\/li>\n<li>Uma publica\u00e7\u00e3o permanente foi feita na p\u00e1gina de Editais e Licita\u00e7\u00f5es.<\/li>\n<li>Link para acesso: http:\/\/coronelxavierchaves.mg.gov.br\/prefeitura\/wp-json\/wp\/v2\/posts\/23451<\/li>\n<\/ul>\n<\/div>\n","protected":false},"excerpt":{"rendered":"<p>DOWNLOADS AVISO DE DISPENSA, publicado em 14\/04\/2025 \u00e0s 14:49h. CONTRATO, publicado em 28\/04\/2025 \u00e0s 13:48h. MANIFESTA\u00c7\u00c3O DE INTERESSE PARA DISPENSA ELETR\u00d4NICA Prefeitura Municipal de Coronel Xavier Chaves\/MG. Manifesta\u00e7\u00e3o de interesse para Dispensa Eletr\u00f4nica \u2013\u00a0Processo Administrativo \u2013 53\/2025, Dispensa Eletr\u00f4nica \u2013 16\/2025, do tipo Menor Pre\u00e7o do Lote. Objeto:\u00a0AQUISI\u00c7\u00c3O DE BALC\u00c3O EM \u201cU\u201d, CONFECCIONADO EM MDF [&hellip;]<\/p>\n","protected":false},"author":3,"featured_media":4366,"comment_status":"closed","ping_status":"closed","sticky":false,"template":"","format":"standard","meta":{"footnotes":"","_links_to":"","_links_to_target":""},"categories":[135],"tags":[],"class_list":{"0":"post-23451","1":"post","2":"type-post","3":"status-publish","4":"format-standard","5":"has-post-thumbnail","7":"category-editais-de-licitacao-2025"},"_links":{"self":[{"href":"https:\/\/coronelxavierchaves.mg.gov.br\/prefeitura\/wp-json\/wp\/v2\/posts\/23451","targetHints":{"allow":["GET"]}}],"collection":[{"href":"https:\/\/coronelxavierchaves.mg.gov.br\/prefeitura\/wp-json\/wp\/v2\/posts"}],"about":[{"href":"https:\/\/coronelxavierchaves.mg.gov.br\/prefeitura\/wp-json\/wp\/v2\/types\/post"}],"author":[{"embeddable":true,"href":"https:\/\/coronelxavierchaves.mg.gov.br\/prefeitura\/wp-json\/wp\/v2\/users\/3"}],"replies":[{"embeddable":true,"href":"https:\/\/coronelxavierchaves.mg.gov.br\/prefeitura\/wp-json\/wp\/v2\/comments?post=23451"}],"version-history":[{"count":3,"href":"https:\/\/coronelxavierchaves.mg.gov.br\/prefeitura\/wp-json\/wp\/v2\/posts\/23451\/revisions"}],"predecessor-version":[{"id":23565,"href":"https:\/\/coronelxavierchaves.mg.gov.br\/prefeitura\/wp-json\/wp\/v2\/posts\/23451\/revisions\/23565"}],"wp:featuredmedia":[{"embeddable":true,"href":"https:\/\/coronelxavierchaves.mg.gov.br\/prefeitura\/wp-json\/wp\/v2\/media\/4366"}],"wp:attachment":[{"href":"https:\/\/coronelxavierchaves.mg.gov.br\/prefeitura\/wp-json\/wp\/v2\/media?parent=23451"}],"wp:term":[{"taxonomy":"category","embeddable":true,"href":"https:\/\/coronelxavierchaves.mg.gov.br\/prefeitura\/wp-json\/wp\/v2\/categories?post=23451"},{"taxonomy":"post_tag","embeddable":true,"href":"https:\/\/coronelxavierchaves.mg.gov.br\/prefeitura\/wp-json\/wp\/v2\/tags?post=23451"}],"curies":[{"name":"wp","href":"https:\/\/api.w.org\/{rel}","templated":true}]}}