{"id":23486,"date":"2025-04-23T16:15:27","date_gmt":"2025-04-23T19:15:27","guid":{"rendered":"https:\/\/coronelxavierchaves.mg.gov.br\/prefeitura\/?p=23486"},"modified":"2025-06-24T16:09:22","modified_gmt":"2025-06-24T19:09:22","slug":"autorizacao-pa-55-2025-contratacao-de-empresa-especializada-para-prestacao-de-servicos-de-hospedagem-destinada-a-paciente-n-c-d-s","status":"publish","type":"post","link":"https:\/\/coronelxavierchaves.mg.gov.br\/prefeitura\/2025\/04\/23\/autorizacao-pa-55-2025-contratacao-de-empresa-especializada-para-prestacao-de-servicos-de-hospedagem-destinada-a-paciente-n-c-d-s\/","title":{"rendered":"Autoriza\u00e7\u00e3o (PA 55\/2025) &#8211; Contrata\u00e7\u00e3o de empresa especializada para presta\u00e7\u00e3o de servi\u00e7os de hospedagem destinada \u00e0 paciente (N.C.D.S.)"},"content":{"rendered":"<blockquote><p>DOWNLOADS<\/p><\/blockquote>\n<ul>\n<li><a href=\"https:\/\/coronelxavierchaves.mg.gov.br\/prefeitura\/wp-content\/uploads\/2025\/04\/AUTORIZACAO-PARA-CONTRATACAO-55-2025.pdf\">AUTORIZA\u00c7\u00c3O<\/a>, publicado em 23\/04\/2025 \u00e0s 16:15h.<\/li>\n<li><a href=\"https:\/\/coronelxavierchaves.mg.gov.br\/prefeitura\/wp-content\/uploads\/2025\/04\/CONTRATO-POUSADA-ACONCHEGO-55-2025.pdf\">CONTRATO<\/a>, publicado em 29\/04\/2025 \u00e0s 09:44h.<\/li>\n<li><a href=\"https:\/\/coronelxavierchaves.mg.gov.br\/prefeitura\/wp-content\/uploads\/2025\/06\/1o-TERMO-ADITAMENTO-POUSADA-ACONCHEGO-55-2025.pdf\">1\u00ba TERMO ADITIVO<\/a>, publicado em 24\/06\/2025 \u00e0s 16:09h.<\/li>\n<\/ul>\n<blockquote><p>OBJETO<\/p><\/blockquote>\n<div style=\"text-align: justify;\">\n<div style=\"text-align: justify;\">\n<p><b>CONTRATA\u00c7\u00c3O DE EMPRESA ESPECIALIZADA PARA PRESTA\u00c7\u00c3O DE SERVI\u00c7OS DE HOSPEDAGEM EM QUARTO DUPLO, COM FORNECIMENTO DE ALIMENTA\u00c7\u00c3O ADEQUADA E BANHEIRO DE USO EXCLUSIVO, DESTINADA \u00c0 PACIENTE (N.C.D.S.) EM TRATAMENTO DE SA\u00daDE, EM FASE DE RECUPERA\u00c7\u00c3O P\u00d3S-TRANSPLANTE, E SUA ACOMPANHANTE, NO MUNIC\u00cdPIO DE BELO HORIZONTE\/MG, VISANDO GARANTIR CONDI\u00c7\u00d5ES SANIT\u00c1RIAS APROPRIADAS E REDUZIR RISCOS DE INFEC\u00c7\u00c3O, CONFORME RECOMENDA\u00c7\u00c3O M\u00c9DICA.<\/b><\/p>\n<\/div>\n<div>\n<p>&nbsp;<\/p>\n<div>\n<p>*<b>PUBLICA\u00c7\u00c3O<\/b><\/p>\n<ul>\n<li>Um destaque desta publica\u00e7\u00e3o foi gerado na p\u00e1gina inicial do site, dispon\u00edvel at\u00e9 que demais publica\u00e7\u00f5es sejam realizadas.<\/li>\n<li>Uma publica\u00e7\u00e3o permanente foi feita na p\u00e1gina de Editais e Licita\u00e7\u00f5es.<\/li>\n<\/ul>\n<\/div>\n<\/div>\n<\/div>\n","protected":false},"excerpt":{"rendered":"<p>DOWNLOADS AUTORIZA\u00c7\u00c3O, publicado em 23\/04\/2025 \u00e0s 16:15h. CONTRATO, publicado em 29\/04\/2025 \u00e0s 09:44h. 1\u00ba TERMO ADITIVO, publicado em 24\/06\/2025 \u00e0s 16:09h. OBJETO CONTRATA\u00c7\u00c3O DE EMPRESA ESPECIALIZADA PARA PRESTA\u00c7\u00c3O DE SERVI\u00c7OS DE HOSPEDAGEM EM QUARTO DUPLO, COM FORNECIMENTO DE ALIMENTA\u00c7\u00c3O ADEQUADA E BANHEIRO DE USO EXCLUSIVO, DESTINADA \u00c0 PACIENTE (N.C.D.S.) EM TRATAMENTO DE SA\u00daDE, EM FASE [&hellip;]<\/p>\n","protected":false},"author":3,"featured_media":4367,"comment_status":"closed","ping_status":"closed","sticky":false,"template":"","format":"standard","meta":{"footnotes":"","_links_to":"","_links_to_target":""},"categories":[139],"tags":[],"class_list":{"0":"post-23486","1":"post","2":"type-post","3":"status-publish","4":"format-standard","5":"has-post-thumbnail","7":"category-contratos-aditivos-atas-e-outros-2025"},"_links":{"self":[{"href":"https:\/\/coronelxavierchaves.mg.gov.br\/prefeitura\/wp-json\/wp\/v2\/posts\/23486","targetHints":{"allow":["GET"]}}],"collection":[{"href":"https:\/\/coronelxavierchaves.mg.gov.br\/prefeitura\/wp-json\/wp\/v2\/posts"}],"about":[{"href":"https:\/\/coronelxavierchaves.mg.gov.br\/prefeitura\/wp-json\/wp\/v2\/types\/post"}],"author":[{"embeddable":true,"href":"https:\/\/coronelxavierchaves.mg.gov.br\/prefeitura\/wp-json\/wp\/v2\/users\/3"}],"replies":[{"embeddable":true,"href":"https:\/\/coronelxavierchaves.mg.gov.br\/prefeitura\/wp-json\/wp\/v2\/comments?post=23486"}],"version-history":[{"count":4,"href":"https:\/\/coronelxavierchaves.mg.gov.br\/prefeitura\/wp-json\/wp\/v2\/posts\/23486\/revisions"}],"predecessor-version":[{"id":24287,"href":"https:\/\/coronelxavierchaves.mg.gov.br\/prefeitura\/wp-json\/wp\/v2\/posts\/23486\/revisions\/24287"}],"wp:featuredmedia":[{"embeddable":true,"href":"https:\/\/coronelxavierchaves.mg.gov.br\/prefeitura\/wp-json\/wp\/v2\/media\/4367"}],"wp:attachment":[{"href":"https:\/\/coronelxavierchaves.mg.gov.br\/prefeitura\/wp-json\/wp\/v2\/media?parent=23486"}],"wp:term":[{"taxonomy":"category","embeddable":true,"href":"https:\/\/coronelxavierchaves.mg.gov.br\/prefeitura\/wp-json\/wp\/v2\/categories?post=23486"},{"taxonomy":"post_tag","embeddable":true,"href":"https:\/\/coronelxavierchaves.mg.gov.br\/prefeitura\/wp-json\/wp\/v2\/tags?post=23486"}],"curies":[{"name":"wp","href":"https:\/\/api.w.org\/{rel}","templated":true}]}}