{"id":23489,"date":"2025-04-24T11:39:10","date_gmt":"2025-04-24T14:39:10","guid":{"rendered":"https:\/\/coronelxavierchaves.mg.gov.br\/prefeitura\/?p=23489"},"modified":"2025-06-17T15:50:24","modified_gmt":"2025-06-17T18:50:24","slug":"aviso-de-licitacao-pl-54-2025-registro-de-precos-para-aquisicao-de-moveis-brinquedos-eletrodomesticos-e-itens-afins-com-o-objetivo-de-atender-as-necessidades-da-camara-municipal","status":"publish","type":"post","link":"https:\/\/coronelxavierchaves.mg.gov.br\/prefeitura\/2025\/04\/24\/aviso-de-licitacao-pl-54-2025-registro-de-precos-para-aquisicao-de-moveis-brinquedos-eletrodomesticos-e-itens-afins-com-o-objetivo-de-atender-as-necessidades-da-camara-municipal\/","title":{"rendered":"Aviso de Licita\u00e7\u00e3o (PL 54\/2025) &#8211; Registro De Pre\u00e7os Para Aquisi\u00e7\u00e3o De M\u00f3veis, Brinquedos, Eletrodom\u00e9sticos E Itens Afins, Com O Objetivo De Atender \u00c0s Necessidades Da C\u00e2mara Municipal&#8230;"},"content":{"rendered":"<blockquote>\n<p style=\"text-align: center;\">DOWNLOADS<\/p>\n<\/blockquote>\n<ul>\n<li style=\"list-style-type: none;\">\n<ul>\n<li><del><a href=\"https:\/\/coronelxavierchaves.mg.gov.br\/prefeitura\/wp-content\/uploads\/2025\/04\/09-EDITAL-1.pdf\">EDITAL<\/a>, publicado em 24\/04\/2025 \u00e0s 08:17h.<\/del> Retificado em 29\/04\/2025.<\/li>\n<li><a href=\"https:\/\/coronelxavierchaves.mg.gov.br\/prefeitura\/wp-content\/uploads\/2025\/04\/ERRATA-54-2025.pdf\">ERRATA<\/a>, publicado em 29\/04\/2025 \u00e0s 15:52h.<\/li>\n<li><a href=\"https:\/\/coronelxavierchaves.mg.gov.br\/prefeitura\/wp-content\/uploads\/2025\/04\/EDITAL-RETIFICADO-54-2025.pdf\">EDITAL RETIFICADO<\/a>, publicado em 29\/04\/2025 \u00e0s 15:52h.<\/li>\n<li><a href=\"https:\/\/coronelxavierchaves.mg.gov.br\/prefeitura\/wp-content\/uploads\/2025\/05\/SUSPENSAO-DE-PROCESSO-54-2025.pdf\">SUSPENS\u00c3O<\/a>, publicado em 07\/05\/2025 \u00e0s 10:11h.<\/li>\n<li><a href=\"https:\/\/coronelxavierchaves.mg.gov.br\/prefeitura\/wp-content\/uploads\/2025\/05\/ERRATA-2-54-2025.pdf\">ERRATA N\u00ba 2<\/a>, publicado em 12\/05\/2025 \u00e0s 15:28h.<\/li>\n<li><a href=\"https:\/\/coronelxavierchaves.mg.gov.br\/prefeitura\/wp-content\/uploads\/2025\/05\/EDITAL-RETIFICADO-2-54-2025.pdf\">EDITAL RETIFICADO 2<\/a>, publicado em 12\/05\/2025 \u00e0s 15:28h.<\/li>\n<li><a href=\"https:\/\/coronelxavierchaves.mg.gov.br\/prefeitura\/wp-content\/uploads\/2025\/05\/AVISO-AOS-LICITANTES-54-2025.pdf\">AVISO<\/a>, publicado em 26\/05\/2025 \u00e0s 08:19h.<\/li>\n<li><a href=\"https:\/\/coronelxavierchaves.mg.gov.br\/prefeitura\/wp-content\/uploads\/2025\/06\/ARP-BRUNO-54-2025.pdf\">ATA DE REGISTRO DE PRE\u00c7OS: BRUNO<\/a>, publicado em 17\/06\/2025 \u00e0s 15:50h.<\/li>\n<li><a href=\"https:\/\/coronelxavierchaves.mg.gov.br\/prefeitura\/wp-content\/uploads\/2025\/06\/ARP-FOUR-54-2025.pdf\">ATA DE REGISTRO DE PRE\u00c7OS: FOUR<\/a>, publicado em 17\/06\/2025 \u00e0s 15:50h.<\/li>\n<li><a href=\"https:\/\/coronelxavierchaves.mg.gov.br\/prefeitura\/wp-content\/uploads\/2025\/06\/ARP-GB-GIRO-54-2025.pdf\">ATA DE REGISTRO DE PRE\u00c7OS: GB GIRO<\/a>, publicado em 17\/06\/2025 \u00e0s 15:50h.<\/li>\n<li><a href=\"https:\/\/coronelxavierchaves.mg.gov.br\/prefeitura\/wp-content\/uploads\/2025\/06\/ARP-SUDESTE-54-2025.pdf\">ATA DE REGISTRO DE PRE\u00c7OS: SUDESTE<\/a>, publicado em 17\/06\/2025 \u00e0s 15:50h.<\/li>\n<li><a href=\"https:\/\/coronelxavierchaves.mg.gov.br\/prefeitura\/wp-content\/uploads\/2025\/06\/ARP-WCA-54-2025.pdf\">ATA DE REGISTRO DE PRE\u00c7OS: WCA<\/a>, publicado em 17\/06\/2025 \u00e0s 15:50h.<\/li>\n<\/ul>\n<\/li>\n<\/ul>\n<p>&nbsp;<\/p>\n<p style=\"text-align: center;\"><strong><u>AVISO DE LICITA\u00c7\u00c3O<\/u><\/strong><\/p>\n<p style=\"text-align: justify;\">Prefeitura Municipal de Coronel Xavier Chaves\/MG. Aviso de Licita\u00e7\u00e3o &#8211; Processo Licitat\u00f3rio \u2013 54\/2025, Preg\u00e3o Eletr\u00f4nico \u2013 24\/2025, do tipo\u00a0<u>Menor Pre\u00e7o por Lote.\u00a0<\/u>Objeto:\u00a0<strong>REGISTRO DE PRE\u00c7OS PARA AQUISI\u00c7\u00c3O DE M\u00d3VEIS, BRINQUEDOS, ELETRODOM\u00c9STICOS E ITENS AFINS, COM O OBJETIVO DE ATENDER \u00c0S NECESSIDADES DA C\u00c2MARA MUNICIPAL E DAS SECRETARIAS DA PREFEITURA DE CORONEL XAVIER CHAVES\/MG<\/strong>.\u00a0Limite de acolhimento das propostas: dia 08\/05\/2025 \u00e0s 07h59min.\u00a0DISPUTA: <strong>08\/05\/2025, \u00e0s 08h30min<\/strong>, na Plataforma LICITAPP,\u00a0<a href=\"https:\/\/coronelxavierchaves.licitapp.com.br\/\">https:\/\/coronelxavierchaves.licitapp.com.br\/\/<\/a>.\u00a0O edital est\u00e1 dispon\u00edvel no site\u00a0\u201c<a href=\"http:\/\/www.coronelxavierchaves.mg.gov.br\/\">www.coronelxavierchaves.mg.gov.br<\/a>&#8220;, mais informa\u00e7\u00f5es\u00a0na prefeitura municipal \u00e0 Rua Padre Reis, 84, Centro, Coronel Xavier Chaves\/MG, no hor\u00e1rio de 08h00min \u00e0s 12h00min e de 13h00min \u00e0s 16h00min. Tel.:\u00a0<a href=\"tel:%2832%29%203357-1235\">(32) 3216-1053<\/a>\/ (32) 9 9199-6496 (<em>Whatsapp<\/em>). Coronel Xavier Chaves, 24 de abril de 2025. Juliana Jaques Camargos \u2013 Pregoeira.<\/p>\n<p>&nbsp;<\/p>\n<div class=\"printshowonly\">\n<p>*<b>PUBLICA\u00c7\u00c3O<\/b><\/p>\n<ul>\n<li>Um destaque desta publica\u00e7\u00e3o foi gerado na p\u00e1gina inicial do site, dispon\u00edvel at\u00e9 que demais publica\u00e7\u00f5es sejam realizadas.<\/li>\n<li>Uma publica\u00e7\u00e3o permanente foi feita na p\u00e1gina de Editais e Licita\u00e7\u00f5es.<\/li>\n<\/ul>\n<\/div>\n","protected":false},"excerpt":{"rendered":"<p>DOWNLOADS EDITAL, publicado em 24\/04\/2025 \u00e0s 08:17h. Retificado em 29\/04\/2025. ERRATA, publicado em 29\/04\/2025 \u00e0s 15:52h. EDITAL RETIFICADO, publicado em 29\/04\/2025 \u00e0s 15:52h. SUSPENS\u00c3O, publicado em 07\/05\/2025 \u00e0s 10:11h. ERRATA N\u00ba 2, publicado em 12\/05\/2025 \u00e0s 15:28h. EDITAL RETIFICADO 2, publicado em 12\/05\/2025 \u00e0s 15:28h. AVISO, publicado em 26\/05\/2025 \u00e0s 08:19h. ATA DE REGISTRO DE [&hellip;]<\/p>\n","protected":false},"author":8,"featured_media":4366,"comment_status":"closed","ping_status":"closed","sticky":false,"template":"","format":"standard","meta":{"footnotes":"","_links_to":"","_links_to_target":""},"categories":[135],"tags":[],"class_list":{"0":"post-23489","1":"post","2":"type-post","3":"status-publish","4":"format-standard","5":"has-post-thumbnail","7":"category-editais-de-licitacao-2025"},"_links":{"self":[{"href":"https:\/\/coronelxavierchaves.mg.gov.br\/prefeitura\/wp-json\/wp\/v2\/posts\/23489","targetHints":{"allow":["GET"]}}],"collection":[{"href":"https:\/\/coronelxavierchaves.mg.gov.br\/prefeitura\/wp-json\/wp\/v2\/posts"}],"about":[{"href":"https:\/\/coronelxavierchaves.mg.gov.br\/prefeitura\/wp-json\/wp\/v2\/types\/post"}],"author":[{"embeddable":true,"href":"https:\/\/coronelxavierchaves.mg.gov.br\/prefeitura\/wp-json\/wp\/v2\/users\/8"}],"replies":[{"embeddable":true,"href":"https:\/\/coronelxavierchaves.mg.gov.br\/prefeitura\/wp-json\/wp\/v2\/comments?post=23489"}],"version-history":[{"count":7,"href":"https:\/\/coronelxavierchaves.mg.gov.br\/prefeitura\/wp-json\/wp\/v2\/posts\/23489\/revisions"}],"predecessor-version":[{"id":24201,"href":"https:\/\/coronelxavierchaves.mg.gov.br\/prefeitura\/wp-json\/wp\/v2\/posts\/23489\/revisions\/24201"}],"wp:featuredmedia":[{"embeddable":true,"href":"https:\/\/coronelxavierchaves.mg.gov.br\/prefeitura\/wp-json\/wp\/v2\/media\/4366"}],"wp:attachment":[{"href":"https:\/\/coronelxavierchaves.mg.gov.br\/prefeitura\/wp-json\/wp\/v2\/media?parent=23489"}],"wp:term":[{"taxonomy":"category","embeddable":true,"href":"https:\/\/coronelxavierchaves.mg.gov.br\/prefeitura\/wp-json\/wp\/v2\/categories?post=23489"},{"taxonomy":"post_tag","embeddable":true,"href":"https:\/\/coronelxavierchaves.mg.gov.br\/prefeitura\/wp-json\/wp\/v2\/tags?post=23489"}],"curies":[{"name":"wp","href":"https:\/\/api.w.org\/{rel}","templated":true}]}}