{"id":23497,"date":"2025-04-24T13:57:07","date_gmt":"2025-04-24T16:57:07","guid":{"rendered":"https:\/\/coronelxavierchaves.mg.gov.br\/prefeitura\/?p=23497"},"modified":"2025-04-24T13:57:07","modified_gmt":"2025-04-24T16:57:07","slug":"aviso-de-leilao-pl-56-2025-alienacao-de-residuos-solidos-urbanos-reciclaveis","status":"publish","type":"post","link":"https:\/\/coronelxavierchaves.mg.gov.br\/prefeitura\/2025\/04\/24\/aviso-de-leilao-pl-56-2025-alienacao-de-residuos-solidos-urbanos-reciclaveis\/","title":{"rendered":"Aviso de Leil\u00e3o (PL 56\/2025) &#8211; Aliena\u00e7\u00e3o de res\u00edduos s\u00f3lidos urbanos recicl\u00e1veis"},"content":{"rendered":"<blockquote>\n<p style=\"text-align: center;\">DOWNLOADS<\/p>\n<\/blockquote>\n<ul>\n<li style=\"list-style-type: none;\">\n<ul>\n<li><a href=\"https:\/\/coronelxavierchaves.mg.gov.br\/prefeitura\/wp-content\/uploads\/2025\/04\/EDITAL-56-2025.pdf\">EDITAL<\/a>, publicado em 24\/04\/2025 \u00e0s 13:57h.<\/li>\n<\/ul>\n<\/li>\n<\/ul>\n<p>&nbsp;<\/p>\n<p style=\"text-align: center;\"><strong><u>AVISO DE LEIL\u00c3O<\/u><\/strong><\/p>\n<p style=\"text-align: justify;\">Prefeitura Municipal de Coronel Xavier Chaves\/MG. Aviso de Leil\u00e3o Presencial\u00a0<b>&#8211; Processo Licitat\u00f3rio \u2013 56\/2025, Leil\u00e3o Presencial \u2013 02\/2025, do tipo\u00a0<u>MAIOR LANCE GLOBAL.<\/u>\u00a0Objeto:\u00a0<\/b><b>ALIENA\u00c7\u00c3O DE RES\u00cdDUOS S\u00d3LIDOS URBANOS RECICL\u00c1VEIS ORIUNDOS DA USINA DE TRIAGEM, COMPOSTAGEM E CENTRO DE REFER\u00caNCIA EM EDUCA\u00c7\u00c3O AMBIENTAL \u201cJOS\u00c9 BENTO DE CASTRO\u201d.\u00a0<\/b><u>Credenciamento e Abertura<\/u>:\u00a0<b>dia 20\/05\/2025 \u00e0s 08h30min<\/b>.\u00a0<u>Local de visita\u00e7\u00e3o<\/u>: Usina De Triagem, Compostagem E Centro De Refer\u00eancia Em Educa\u00e7\u00e3o Ambiental \u201cJos\u00e9 Bento De Castro\u201d do Munic\u00edpio de Coronel Xavier Chaves\/MG.\u00a0<u>Dias de visita\u00e7\u00e3o<\/u>: 25\/04\/2025 a 19\/05\/2025, das 08h00min \u00e0s 11h00min e das 13h00min \u00e0s 16h00min, dias \u00fateis. O edital est\u00e1 dispon\u00edvel no site\u00a0\u201c<a href=\"http:\/\/www.coronelxavierchaves.mg.gov.br\/\" target=\"_blank\" rel=\"noopener\" data-saferedirecturl=\"https:\/\/www.google.com\/url?q=http:\/\/www.coronelxavierchaves.mg.gov.br&amp;source=gmail&amp;ust=1745599725023000&amp;usg=AOvVaw26PZfG-Iii1SJm2HCRgAkF\">www.coronelxavierchaves.<wbr \/>mg.gov.br<\/a>&#8220;, mais informa\u00e7\u00f5es\u00a0na prefeitura municipal \u00e0 Rua Padre Reis, 84, Centro, Coronel Xavier Chaves\/MG, no hor\u00e1rio de 08h00min \u00e0s 12h00min e de 13h00min \u00e0s 16h00min. Tel.:\u00a0<a href=\"tel:%2832%29%203357-1235\" target=\"_blank\" rel=\"noopener\">(32) 3216-1053<\/a>\u00a0(<i>Ramais 109 e 110<\/i>)\/ (32) 9 9199-6496 (<i>Whatsapp<\/i>). Coronel Xavier Chaves, 24 de abril de 2025. Juliana Jaques Camargos \u2013 Leiloeira.<\/p>\n<p>&nbsp;<\/p>\n<div class=\"printshowonly\">\n<p>*<b>PUBLICA\u00c7\u00c3O<\/b><\/p>\n<ul>\n<li>Um destaque desta publica\u00e7\u00e3o foi gerado na p\u00e1gina inicial do site, dispon\u00edvel at\u00e9 que demais publica\u00e7\u00f5es sejam realizadas.<\/li>\n<li>Uma publica\u00e7\u00e3o permanente foi feita na p\u00e1gina de Editais e Licita\u00e7\u00f5es.<\/li>\n<li>Link para acesso: http:\/\/coronelxavierchaves.mg.gov.br\/prefeitura\/wp-json\/wp\/v2\/posts\/23497<\/li>\n<\/ul>\n<\/div>\n","protected":false},"excerpt":{"rendered":"<p>DOWNLOADS EDITAL, publicado em 24\/04\/2025 \u00e0s 13:57h. &nbsp; AVISO DE LEIL\u00c3O Prefeitura Municipal de Coronel Xavier Chaves\/MG. Aviso de Leil\u00e3o Presencial\u00a0&#8211; Processo Licitat\u00f3rio \u2013 56\/2025, Leil\u00e3o Presencial \u2013 02\/2025, do tipo\u00a0MAIOR LANCE GLOBAL.\u00a0Objeto:\u00a0ALIENA\u00c7\u00c3O DE RES\u00cdDUOS S\u00d3LIDOS URBANOS RECICL\u00c1VEIS ORIUNDOS DA USINA DE TRIAGEM, COMPOSTAGEM E CENTRO DE REFER\u00caNCIA EM EDUCA\u00c7\u00c3O AMBIENTAL \u201cJOS\u00c9 BENTO DE CASTRO\u201d.\u00a0Credenciamento [&hellip;]<\/p>\n","protected":false},"author":3,"featured_media":4366,"comment_status":"closed","ping_status":"closed","sticky":false,"template":"","format":"standard","meta":{"footnotes":"","_links_to":"","_links_to_target":""},"categories":[135],"tags":[],"class_list":{"0":"post-23497","1":"post","2":"type-post","3":"status-publish","4":"format-standard","5":"has-post-thumbnail","7":"category-editais-de-licitacao-2025"},"_links":{"self":[{"href":"https:\/\/coronelxavierchaves.mg.gov.br\/prefeitura\/wp-json\/wp\/v2\/posts\/23497","targetHints":{"allow":["GET"]}}],"collection":[{"href":"https:\/\/coronelxavierchaves.mg.gov.br\/prefeitura\/wp-json\/wp\/v2\/posts"}],"about":[{"href":"https:\/\/coronelxavierchaves.mg.gov.br\/prefeitura\/wp-json\/wp\/v2\/types\/post"}],"author":[{"embeddable":true,"href":"https:\/\/coronelxavierchaves.mg.gov.br\/prefeitura\/wp-json\/wp\/v2\/users\/3"}],"replies":[{"embeddable":true,"href":"https:\/\/coronelxavierchaves.mg.gov.br\/prefeitura\/wp-json\/wp\/v2\/comments?post=23497"}],"version-history":[{"count":1,"href":"https:\/\/coronelxavierchaves.mg.gov.br\/prefeitura\/wp-json\/wp\/v2\/posts\/23497\/revisions"}],"predecessor-version":[{"id":23499,"href":"https:\/\/coronelxavierchaves.mg.gov.br\/prefeitura\/wp-json\/wp\/v2\/posts\/23497\/revisions\/23499"}],"wp:featuredmedia":[{"embeddable":true,"href":"https:\/\/coronelxavierchaves.mg.gov.br\/prefeitura\/wp-json\/wp\/v2\/media\/4366"}],"wp:attachment":[{"href":"https:\/\/coronelxavierchaves.mg.gov.br\/prefeitura\/wp-json\/wp\/v2\/media?parent=23497"}],"wp:term":[{"taxonomy":"category","embeddable":true,"href":"https:\/\/coronelxavierchaves.mg.gov.br\/prefeitura\/wp-json\/wp\/v2\/categories?post=23497"},{"taxonomy":"post_tag","embeddable":true,"href":"https:\/\/coronelxavierchaves.mg.gov.br\/prefeitura\/wp-json\/wp\/v2\/tags?post=23497"}],"curies":[{"name":"wp","href":"https:\/\/api.w.org\/{rel}","templated":true}]}}