{"id":23500,"date":"2025-04-28T13:10:30","date_gmt":"2025-04-28T16:10:30","guid":{"rendered":"https:\/\/coronelxavierchaves.mg.gov.br\/prefeitura\/?p=23500"},"modified":"2025-04-28T13:10:30","modified_gmt":"2025-04-28T16:10:30","slug":"contratos-pl-31-2025-permissao-precaria-de-uso-de-espacos-publicos-para-funcionamento-de-bares-comercio-de-generos-alimenticios-e-bebidas-durante-o-evento-iii-festival-do-queijo-e-da-c","status":"publish","type":"post","link":"https:\/\/coronelxavierchaves.mg.gov.br\/prefeitura\/2025\/04\/28\/contratos-pl-31-2025-permissao-precaria-de-uso-de-espacos-publicos-para-funcionamento-de-bares-comercio-de-generos-alimenticios-e-bebidas-durante-o-evento-iii-festival-do-queijo-e-da-c\/","title":{"rendered":"Contratos (PL 31\/2025) &#8211; Permiss\u00e3o prec\u00e1ria de uso de espa\u00e7os p\u00fablicos para funcionamento de bares (com\u00e9rcio de g\u00eaneros aliment\u00edcios e bebidas), durante o evento \u201cIII Festival do Queijo e da Cacha\u00e7a das Vertentes\u201d&#8230;"},"content":{"rendered":"<blockquote><p>DOWNLOADS<\/p><\/blockquote>\n<ul>\n<li><a href=\"https:\/\/coronelxavierchaves.mg.gov.br\/prefeitura\/wp-content\/uploads\/2025\/04\/Contrato-31-2025-DAIANE.pdf\">CONTRATO: DAIANE<\/a>, publicado em 28\/04\/2025 \u00e0s 13:10h.<\/li>\n<li><a href=\"https:\/\/coronelxavierchaves.mg.gov.br\/prefeitura\/wp-content\/uploads\/2025\/04\/Contrato-31-2025-ELIAS.pdf\">CONTRATO: ELIAS<\/a>, publicado em 28\/04\/2025 \u00e0s 13:10h.<\/li>\n<li><a href=\"https:\/\/coronelxavierchaves.mg.gov.br\/prefeitura\/wp-content\/uploads\/2025\/04\/Contrato-31-2025-EMPORIO.pdf\">CONTRATO: EMPORIO<\/a>, publicado em 28\/04\/2025 \u00e0s 13:10h.<\/li>\n<li><a href=\"https:\/\/coronelxavierchaves.mg.gov.br\/prefeitura\/wp-content\/uploads\/2025\/04\/Contrato-31-2025-ESAU.pdf\">CONTRATO: ESAU<\/a>, publicado em 28\/04\/2025 \u00e0s 13:10h.<\/li>\n<li><a href=\"https:\/\/coronelxavierchaves.mg.gov.br\/prefeitura\/wp-content\/uploads\/2025\/04\/Contrato-31-2025-LUCAS.pdf\">CONTRATO: LUCAS<\/a>, publicado em 28\/04\/2025 \u00e0s 13:10h.<\/li>\n<li><a href=\"https:\/\/coronelxavierchaves.mg.gov.br\/prefeitura\/wp-content\/uploads\/2025\/04\/Contrato-31-2025-LUCIO.pdf\">CONTRATO: LUCIO<\/a>, publicado em 28\/04\/2025 \u00e0s 13:10h.<\/li>\n<li><a href=\"https:\/\/coronelxavierchaves.mg.gov.br\/prefeitura\/wp-content\/uploads\/2025\/04\/Contrato-31-2025-PEDRO.pdf\">CONTRATO: PEDRO<\/a>, publicado em 28\/04\/2025 \u00e0s 13:10h.<\/li>\n<li><a href=\"https:\/\/coronelxavierchaves.mg.gov.br\/prefeitura\/wp-content\/uploads\/2025\/04\/Contrato-31-2025-RESENDE.pdf\">CONTRATO: RESENDE<\/a>, publicado em 28\/04\/2025 \u00e0s 13:10h.<\/li>\n<li><a href=\"https:\/\/coronelxavierchaves.mg.gov.br\/prefeitura\/wp-content\/uploads\/2025\/04\/Contrato-31-2025-SABRINA.pdf\">CONTRATO: SABRINA<\/a>, publicado em 28\/04\/2025 \u00e0s 13:10h.<\/li>\n<\/ul>\n<blockquote><p>OBJETO<\/p><\/blockquote>\n<div style=\"text-align: justify;\">\n<div style=\"text-align: justify;\"><b>Permiss\u00e3o prec\u00e1ria de uso de espa\u00e7os p\u00fablicos para funcionamento de bares (com\u00e9rcio de g\u00eaneros aliment\u00edcios e bebidas), durante o evento \u201cIII Festival do Queijo e da Cacha\u00e7a das Vertentes\u201d, a ser realizado no Largo Gon\u00e7alves Lara, pr\u00f3ximo \u00e0 Igreja do Ros\u00e1rio no Munic\u00edpio De Coronel Xavier Chaves, no per\u00edodo de 30\/04\/2025 \u00e0 04\/05\/2025.<\/b><\/div>\n<div>\n<p>&nbsp;<\/p>\n<div>\n<p>*<b>PUBLICA\u00c7\u00c3O<\/b><\/p>\n<ul>\n<li>Um destaque desta publica\u00e7\u00e3o foi gerado na p\u00e1gina inicial do site, dispon\u00edvel at\u00e9 que demais publica\u00e7\u00f5es sejam realizadas.<\/li>\n<li>Uma publica\u00e7\u00e3o permanente foi feita na p\u00e1gina de Editais e Licita\u00e7\u00f5es.<\/li>\n<li>Link para acesso:\u00a0http:\/\/coronelxavierchaves.mg.gov.br\/prefeitura\/wp-json\/wp\/v2\/posts\/23500<\/li>\n<\/ul>\n<\/div>\n<\/div>\n<\/div>\n","protected":false},"excerpt":{"rendered":"<p>DOWNLOADS CONTRATO: DAIANE, publicado em 28\/04\/2025 \u00e0s 13:10h. CONTRATO: ELIAS, publicado em 28\/04\/2025 \u00e0s 13:10h. CONTRATO: EMPORIO, publicado em 28\/04\/2025 \u00e0s 13:10h. CONTRATO: ESAU, publicado em 28\/04\/2025 \u00e0s 13:10h. CONTRATO: LUCAS, publicado em 28\/04\/2025 \u00e0s 13:10h. CONTRATO: LUCIO, publicado em 28\/04\/2025 \u00e0s 13:10h. CONTRATO: PEDRO, publicado em 28\/04\/2025 \u00e0s 13:10h. CONTRATO: RESENDE, publicado em 28\/04\/2025 [&hellip;]<\/p>\n","protected":false},"author":3,"featured_media":4367,"comment_status":"closed","ping_status":"closed","sticky":false,"template":"","format":"standard","meta":{"footnotes":"","_links_to":"","_links_to_target":""},"categories":[139],"tags":[],"class_list":{"0":"post-23500","1":"post","2":"type-post","3":"status-publish","4":"format-standard","5":"has-post-thumbnail","7":"category-contratos-aditivos-atas-e-outros-2025"},"_links":{"self":[{"href":"https:\/\/coronelxavierchaves.mg.gov.br\/prefeitura\/wp-json\/wp\/v2\/posts\/23500","targetHints":{"allow":["GET"]}}],"collection":[{"href":"https:\/\/coronelxavierchaves.mg.gov.br\/prefeitura\/wp-json\/wp\/v2\/posts"}],"about":[{"href":"https:\/\/coronelxavierchaves.mg.gov.br\/prefeitura\/wp-json\/wp\/v2\/types\/post"}],"author":[{"embeddable":true,"href":"https:\/\/coronelxavierchaves.mg.gov.br\/prefeitura\/wp-json\/wp\/v2\/users\/3"}],"replies":[{"embeddable":true,"href":"https:\/\/coronelxavierchaves.mg.gov.br\/prefeitura\/wp-json\/wp\/v2\/comments?post=23500"}],"version-history":[{"count":1,"href":"https:\/\/coronelxavierchaves.mg.gov.br\/prefeitura\/wp-json\/wp\/v2\/posts\/23500\/revisions"}],"predecessor-version":[{"id":23511,"href":"https:\/\/coronelxavierchaves.mg.gov.br\/prefeitura\/wp-json\/wp\/v2\/posts\/23500\/revisions\/23511"}],"wp:featuredmedia":[{"embeddable":true,"href":"https:\/\/coronelxavierchaves.mg.gov.br\/prefeitura\/wp-json\/wp\/v2\/media\/4367"}],"wp:attachment":[{"href":"https:\/\/coronelxavierchaves.mg.gov.br\/prefeitura\/wp-json\/wp\/v2\/media?parent=23500"}],"wp:term":[{"taxonomy":"category","embeddable":true,"href":"https:\/\/coronelxavierchaves.mg.gov.br\/prefeitura\/wp-json\/wp\/v2\/categories?post=23500"},{"taxonomy":"post_tag","embeddable":true,"href":"https:\/\/coronelxavierchaves.mg.gov.br\/prefeitura\/wp-json\/wp\/v2\/tags?post=23500"}],"curies":[{"name":"wp","href":"https:\/\/api.w.org\/{rel}","templated":true}]}}