{"id":23513,"date":"2025-04-28T13:16:08","date_gmt":"2025-04-28T16:16:08","guid":{"rendered":"https:\/\/coronelxavierchaves.mg.gov.br\/prefeitura\/?p=23513"},"modified":"2025-04-28T13:16:08","modified_gmt":"2025-04-28T16:16:08","slug":"contrato-pl-39-2025-permissao-precaria-de-uso-de-espaco-publico-para-funcionamento-de-restaurante-e-bar-comercio-de-generos-alimenticios-e-bebidas-durante-a-feira-de-negocios","status":"publish","type":"post","link":"https:\/\/coronelxavierchaves.mg.gov.br\/prefeitura\/2025\/04\/28\/contrato-pl-39-2025-permissao-precaria-de-uso-de-espaco-publico-para-funcionamento-de-restaurante-e-bar-comercio-de-generos-alimenticios-e-bebidas-durante-a-feira-de-negocios\/","title":{"rendered":"Contrato (PL 39\/2025) &#8211; Permiss\u00e3o Prec\u00e1ria De Uso De Espa\u00e7o P\u00fablico Para Funcionamento De Restaurante E Bar (Com\u00e9rcio De G\u00eaneros Aliment\u00edcios E Bebidas), Durante A \u201cFeira De Neg\u00f3cios\u201d Promovida Pela CCPR (Cooperativa Central Dos Produtores Rurais) E Prefeitura Municipal De Coronel Xavier Chaves"},"content":{"rendered":"<blockquote><p>DOWNLOADS<\/p><\/blockquote>\n<ul>\n<li><a href=\"https:\/\/coronelxavierchaves.mg.gov.br\/prefeitura\/wp-content\/uploads\/2025\/04\/LUCAS-39-2025.pdf\">CONTRATO: LUCAS<\/a>, publicado em 28\/04\/2025 \u00e0s 13:16h.<\/li>\n<\/ul>\n<blockquote><p>OBJETO<\/p><\/blockquote>\n<div style=\"text-align: justify;\">\n<div style=\"text-align: justify;\"><b>PERMISS\u00c3O PREC\u00c1RIA DE USO DE ESPA\u00c7O P\u00daBLICO PARA FUNCIONAMENTO DE RESTAURANTE E BAR (COM\u00c9RCIO DE G\u00caNEROS ALIMENT\u00cdCIOS E BEBIDAS), DURANTE A \u201cFEIRA DE NEG\u00d3CIOS\u201d PROMOVIDA PELA CCPR (COOPERATIVA CENTRAL DOS PRODUTORES RURAIS) E PREFEITURA MUNICIPAL DE CORONEL XAVIER CHAVES\/MG, A SER REALIZADA NO PARQUE DE EXPOSI\u00c7\u00d5ES \u201cJO\u00c3O BATISTA ASSUN\u00c7\u00c3O\u201d, NO DIA 24 DE ABRIL DE 2025.<\/b><\/div>\n<div>\n<p>&nbsp;<\/p>\n<div>\n<p>*<b>PUBLICA\u00c7\u00c3O<\/b><\/p>\n<ul>\n<li>Um destaque desta publica\u00e7\u00e3o foi gerado na p\u00e1gina inicial do site, dispon\u00edvel at\u00e9 que demais publica\u00e7\u00f5es sejam realizadas.<\/li>\n<li>Uma publica\u00e7\u00e3o permanente foi feita na p\u00e1gina de Editais e Licita\u00e7\u00f5es.<\/li>\n<li>Link para acesso:\u00a0http:\/\/coronelxavierchaves.mg.gov.br\/prefeitura\/wp-json\/wp\/v2\/posts\/23513<\/li>\n<\/ul>\n<\/div>\n<\/div>\n<\/div>\n","protected":false},"excerpt":{"rendered":"<p>DOWNLOADS CONTRATO: LUCAS, publicado em 28\/04\/2025 \u00e0s 13:16h. OBJETO PERMISS\u00c3O PREC\u00c1RIA DE USO DE ESPA\u00c7O P\u00daBLICO PARA FUNCIONAMENTO DE RESTAURANTE E BAR (COM\u00c9RCIO DE G\u00caNEROS ALIMENT\u00cdCIOS E BEBIDAS), DURANTE A \u201cFEIRA DE NEG\u00d3CIOS\u201d PROMOVIDA PELA CCPR (COOPERATIVA CENTRAL DOS PRODUTORES RURAIS) E PREFEITURA MUNICIPAL DE CORONEL XAVIER CHAVES\/MG, A SER REALIZADA NO PARQUE DE EXPOSI\u00c7\u00d5ES [&hellip;]<\/p>\n","protected":false},"author":3,"featured_media":4367,"comment_status":"closed","ping_status":"closed","sticky":false,"template":"","format":"standard","meta":{"footnotes":"","_links_to":"","_links_to_target":""},"categories":[139],"tags":[],"class_list":{"0":"post-23513","1":"post","2":"type-post","3":"status-publish","4":"format-standard","5":"has-post-thumbnail","7":"category-contratos-aditivos-atas-e-outros-2025"},"_links":{"self":[{"href":"https:\/\/coronelxavierchaves.mg.gov.br\/prefeitura\/wp-json\/wp\/v2\/posts\/23513","targetHints":{"allow":["GET"]}}],"collection":[{"href":"https:\/\/coronelxavierchaves.mg.gov.br\/prefeitura\/wp-json\/wp\/v2\/posts"}],"about":[{"href":"https:\/\/coronelxavierchaves.mg.gov.br\/prefeitura\/wp-json\/wp\/v2\/types\/post"}],"author":[{"embeddable":true,"href":"https:\/\/coronelxavierchaves.mg.gov.br\/prefeitura\/wp-json\/wp\/v2\/users\/3"}],"replies":[{"embeddable":true,"href":"https:\/\/coronelxavierchaves.mg.gov.br\/prefeitura\/wp-json\/wp\/v2\/comments?post=23513"}],"version-history":[{"count":1,"href":"https:\/\/coronelxavierchaves.mg.gov.br\/prefeitura\/wp-json\/wp\/v2\/posts\/23513\/revisions"}],"predecessor-version":[{"id":23516,"href":"https:\/\/coronelxavierchaves.mg.gov.br\/prefeitura\/wp-json\/wp\/v2\/posts\/23513\/revisions\/23516"}],"wp:featuredmedia":[{"embeddable":true,"href":"https:\/\/coronelxavierchaves.mg.gov.br\/prefeitura\/wp-json\/wp\/v2\/media\/4367"}],"wp:attachment":[{"href":"https:\/\/coronelxavierchaves.mg.gov.br\/prefeitura\/wp-json\/wp\/v2\/media?parent=23513"}],"wp:term":[{"taxonomy":"category","embeddable":true,"href":"https:\/\/coronelxavierchaves.mg.gov.br\/prefeitura\/wp-json\/wp\/v2\/categories?post=23513"},{"taxonomy":"post_tag","embeddable":true,"href":"https:\/\/coronelxavierchaves.mg.gov.br\/prefeitura\/wp-json\/wp\/v2\/tags?post=23513"}],"curies":[{"name":"wp","href":"https:\/\/api.w.org\/{rel}","templated":true}]}}