{"id":23523,"date":"2025-04-28T13:22:07","date_gmt":"2025-04-28T16:22:07","guid":{"rendered":"https:\/\/coronelxavierchaves.mg.gov.br\/prefeitura\/?p=23523"},"modified":"2025-04-28T13:22:07","modified_gmt":"2025-04-28T16:22:07","slug":"contrato-pa-43-2025-contratacao-de-empresa-especializada-em-prestacao-de-servicos-de-locacao-de-software-aplicado-a-gestao-de-saude-publica","status":"publish","type":"post","link":"https:\/\/coronelxavierchaves.mg.gov.br\/prefeitura\/2025\/04\/28\/contrato-pa-43-2025-contratacao-de-empresa-especializada-em-prestacao-de-servicos-de-locacao-de-software-aplicado-a-gestao-de-saude-publica\/","title":{"rendered":"Contrato (PA 43\/2025) &#8211; Contrata\u00e7\u00e3o de empresa especializada em presta\u00e7\u00e3o de servi\u00e7os de loca\u00e7\u00e3o de software aplicado \u00e0 gest\u00e3o de sa\u00fade p\u00fablica"},"content":{"rendered":"<blockquote><p>DOWNLOADS<\/p><\/blockquote>\n<ul>\n<li><a href=\"https:\/\/coronelxavierchaves.mg.gov.br\/prefeitura\/wp-content\/uploads\/2025\/04\/CONTRATO-43-2025.pdf\">CONTRATO<\/a>, publicado em 28\/04\/2025 \u00e0s 13:22h.<\/li>\n<\/ul>\n<blockquote><p>OBJETO<\/p><\/blockquote>\n<div style=\"text-align: justify;\">\n<div style=\"text-align: justify;\">CONTRATA\u00c7\u00c3O DE EMPRESA ESPECIALIZADA EM PRESTA\u00c7\u00c3O DE SERVI\u00c7OS DE LOCA\u00c7\u00c3O &#8211; \u201cCESS\u00c3O DE DIREITO DE USO\u201d DE SOFTWARE APLICADO \u00c0 GEST\u00c3O DE SA\u00daDE P\u00daBLICA PARA ATENDER AS DEMANDAS DA SECRETARIA MUNICIPAL DE SA\u00daDE DA PREFEITURA DE CORONEL XAVIER CHAVES\/MG, CONFORME ESPECIFICA\u00c7\u00d5ES NO TERMO DE REFER\u00caNCIA.<\/div>\n<div>\n<p>&nbsp;<\/p>\n<div>\n<p>*<b>PUBLICA\u00c7\u00c3O<\/b><\/p>\n<ul>\n<li>Um destaque desta publica\u00e7\u00e3o foi gerado na p\u00e1gina inicial do site, dispon\u00edvel at\u00e9 que demais publica\u00e7\u00f5es sejam realizadas.<\/li>\n<li>Uma publica\u00e7\u00e3o permanente foi feita na p\u00e1gina de Editais e Licita\u00e7\u00f5es.<\/li>\n<li>Link para acesso:\u00a0http:\/\/coronelxavierchaves.mg.gov.br\/prefeitura\/wp-json\/wp\/v2\/posts\/23523<\/li>\n<\/ul>\n<\/div>\n<\/div>\n<\/div>\n","protected":false},"excerpt":{"rendered":"<p>DOWNLOADS CONTRATO, publicado em 28\/04\/2025 \u00e0s 13:22h. OBJETO CONTRATA\u00c7\u00c3O DE EMPRESA ESPECIALIZADA EM PRESTA\u00c7\u00c3O DE SERVI\u00c7OS DE LOCA\u00c7\u00c3O &#8211; \u201cCESS\u00c3O DE DIREITO DE USO\u201d DE SOFTWARE APLICADO \u00c0 GEST\u00c3O DE SA\u00daDE P\u00daBLICA PARA ATENDER AS DEMANDAS DA SECRETARIA MUNICIPAL DE SA\u00daDE DA PREFEITURA DE CORONEL XAVIER CHAVES\/MG, CONFORME ESPECIFICA\u00c7\u00d5ES NO TERMO DE REFER\u00caNCIA. &nbsp; *PUBLICA\u00c7\u00c3O [&hellip;]<\/p>\n","protected":false},"author":3,"featured_media":4367,"comment_status":"closed","ping_status":"closed","sticky":false,"template":"","format":"standard","meta":{"footnotes":"","_links_to":"","_links_to_target":""},"categories":[139],"tags":[],"class_list":{"0":"post-23523","1":"post","2":"type-post","3":"status-publish","4":"format-standard","5":"has-post-thumbnail","7":"category-contratos-aditivos-atas-e-outros-2025"},"_links":{"self":[{"href":"https:\/\/coronelxavierchaves.mg.gov.br\/prefeitura\/wp-json\/wp\/v2\/posts\/23523","targetHints":{"allow":["GET"]}}],"collection":[{"href":"https:\/\/coronelxavierchaves.mg.gov.br\/prefeitura\/wp-json\/wp\/v2\/posts"}],"about":[{"href":"https:\/\/coronelxavierchaves.mg.gov.br\/prefeitura\/wp-json\/wp\/v2\/types\/post"}],"author":[{"embeddable":true,"href":"https:\/\/coronelxavierchaves.mg.gov.br\/prefeitura\/wp-json\/wp\/v2\/users\/3"}],"replies":[{"embeddable":true,"href":"https:\/\/coronelxavierchaves.mg.gov.br\/prefeitura\/wp-json\/wp\/v2\/comments?post=23523"}],"version-history":[{"count":1,"href":"https:\/\/coronelxavierchaves.mg.gov.br\/prefeitura\/wp-json\/wp\/v2\/posts\/23523\/revisions"}],"predecessor-version":[{"id":23526,"href":"https:\/\/coronelxavierchaves.mg.gov.br\/prefeitura\/wp-json\/wp\/v2\/posts\/23523\/revisions\/23526"}],"wp:featuredmedia":[{"embeddable":true,"href":"https:\/\/coronelxavierchaves.mg.gov.br\/prefeitura\/wp-json\/wp\/v2\/media\/4367"}],"wp:attachment":[{"href":"https:\/\/coronelxavierchaves.mg.gov.br\/prefeitura\/wp-json\/wp\/v2\/media?parent=23523"}],"wp:term":[{"taxonomy":"category","embeddable":true,"href":"https:\/\/coronelxavierchaves.mg.gov.br\/prefeitura\/wp-json\/wp\/v2\/categories?post=23523"},{"taxonomy":"post_tag","embeddable":true,"href":"https:\/\/coronelxavierchaves.mg.gov.br\/prefeitura\/wp-json\/wp\/v2\/tags?post=23523"}],"curies":[{"name":"wp","href":"https:\/\/api.w.org\/{rel}","templated":true}]}}