{"id":23528,"date":"2025-04-28T13:25:06","date_gmt":"2025-04-28T16:25:06","guid":{"rendered":"https:\/\/coronelxavierchaves.mg.gov.br\/prefeitura\/?p=23528"},"modified":"2025-04-28T13:25:06","modified_gmt":"2025-04-28T16:25:06","slug":"contrato-pa-44-2025-contratacao-do-produtor-da-legitimos-queijos-taroco-para-realizacao-de-apresentacao-ao-vivo-como-parte-integrante-da-programacao-do-iii-festival-do-queijo-e","status":"publish","type":"post","link":"https:\/\/coronelxavierchaves.mg.gov.br\/prefeitura\/2025\/04\/28\/contrato-pa-44-2025-contratacao-do-produtor-da-legitimos-queijos-taroco-para-realizacao-de-apresentacao-ao-vivo-como-parte-integrante-da-programacao-do-iii-festival-do-queijo-e\/","title":{"rendered":"Contrato (PA 44\/2025) &#8211; Contrata\u00e7\u00e3o do produtor da \u201cLeg\u00edtimos Queijos Tar\u00f4co\u201d para realiza\u00e7\u00e3o de apresenta\u00e7\u00e3o ao vivo, como parte integrante da programa\u00e7\u00e3o do III Festival do Queijo e da Cacha\u00e7a das Vertentes"},"content":{"rendered":"<blockquote><p>DOWNLOADS<\/p><\/blockquote>\n<ul>\n<li><a href=\"https:\/\/coronelxavierchaves.mg.gov.br\/prefeitura\/wp-content\/uploads\/2025\/04\/CONTRATO-44-2025.pdf\">CONTRATO<\/a>, publicado em 28\/04\/2025 \u00e0s 13:25h.<\/li>\n<\/ul>\n<blockquote><p>OBJETO<\/p><\/blockquote>\n<div style=\"text-align: justify;\">\n<div style=\"text-align: justify;\">Contrata\u00e7\u00e3o do produtor da \u201cLeg\u00edtimos Queijos Tar\u00f4co\u201d para realiza\u00e7\u00e3o de uma apresenta\u00e7\u00e3o ao vivo da produ\u00e7\u00e3o de risoto, com narra\u00e7\u00e3o detalhada de todo o processo, a ser realizado no dia 03\/05\/2025, como parte integrante da programa\u00e7\u00e3o do III Festival do Queijo e da Cacha\u00e7a das Vertentes<b>.\u00a0<\/b><\/div>\n<div>\n<p>&nbsp;<\/p>\n<div>\n<p>*<b>PUBLICA\u00c7\u00c3O<\/b><\/p>\n<ul>\n<li>Um destaque desta publica\u00e7\u00e3o foi gerado na p\u00e1gina inicial do site, dispon\u00edvel at\u00e9 que demais publica\u00e7\u00f5es sejam realizadas.<\/li>\n<li>Uma publica\u00e7\u00e3o permanente foi feita na p\u00e1gina de Editais e Licita\u00e7\u00f5es.<\/li>\n<li>Link para acesso:\u00a0http:\/\/coronelxavierchaves.mg.gov.br\/prefeitura\/wp-json\/wp\/v2\/posts\/23528<\/li>\n<\/ul>\n<\/div>\n<\/div>\n<\/div>\n","protected":false},"excerpt":{"rendered":"<p>DOWNLOADS CONTRATO, publicado em 28\/04\/2025 \u00e0s 13:25h. OBJETO Contrata\u00e7\u00e3o do produtor da \u201cLeg\u00edtimos Queijos Tar\u00f4co\u201d para realiza\u00e7\u00e3o de uma apresenta\u00e7\u00e3o ao vivo da produ\u00e7\u00e3o de risoto, com narra\u00e7\u00e3o detalhada de todo o processo, a ser realizado no dia 03\/05\/2025, como parte integrante da programa\u00e7\u00e3o do III Festival do Queijo e da Cacha\u00e7a das Vertentes.\u00a0 &nbsp; [&hellip;]<\/p>\n","protected":false},"author":3,"featured_media":4367,"comment_status":"closed","ping_status":"closed","sticky":false,"template":"","format":"standard","meta":{"footnotes":"","_links_to":"","_links_to_target":""},"categories":[139],"tags":[],"class_list":{"0":"post-23528","1":"post","2":"type-post","3":"status-publish","4":"format-standard","5":"has-post-thumbnail","7":"category-contratos-aditivos-atas-e-outros-2025"},"_links":{"self":[{"href":"https:\/\/coronelxavierchaves.mg.gov.br\/prefeitura\/wp-json\/wp\/v2\/posts\/23528","targetHints":{"allow":["GET"]}}],"collection":[{"href":"https:\/\/coronelxavierchaves.mg.gov.br\/prefeitura\/wp-json\/wp\/v2\/posts"}],"about":[{"href":"https:\/\/coronelxavierchaves.mg.gov.br\/prefeitura\/wp-json\/wp\/v2\/types\/post"}],"author":[{"embeddable":true,"href":"https:\/\/coronelxavierchaves.mg.gov.br\/prefeitura\/wp-json\/wp\/v2\/users\/3"}],"replies":[{"embeddable":true,"href":"https:\/\/coronelxavierchaves.mg.gov.br\/prefeitura\/wp-json\/wp\/v2\/comments?post=23528"}],"version-history":[{"count":1,"href":"https:\/\/coronelxavierchaves.mg.gov.br\/prefeitura\/wp-json\/wp\/v2\/posts\/23528\/revisions"}],"predecessor-version":[{"id":23531,"href":"https:\/\/coronelxavierchaves.mg.gov.br\/prefeitura\/wp-json\/wp\/v2\/posts\/23528\/revisions\/23531"}],"wp:featuredmedia":[{"embeddable":true,"href":"https:\/\/coronelxavierchaves.mg.gov.br\/prefeitura\/wp-json\/wp\/v2\/media\/4367"}],"wp:attachment":[{"href":"https:\/\/coronelxavierchaves.mg.gov.br\/prefeitura\/wp-json\/wp\/v2\/media?parent=23528"}],"wp:term":[{"taxonomy":"category","embeddable":true,"href":"https:\/\/coronelxavierchaves.mg.gov.br\/prefeitura\/wp-json\/wp\/v2\/categories?post=23528"},{"taxonomy":"post_tag","embeddable":true,"href":"https:\/\/coronelxavierchaves.mg.gov.br\/prefeitura\/wp-json\/wp\/v2\/tags?post=23528"}],"curies":[{"name":"wp","href":"https:\/\/api.w.org\/{rel}","templated":true}]}}