{"id":23533,"date":"2025-04-28T13:28:08","date_gmt":"2025-04-28T16:28:08","guid":{"rendered":"https:\/\/coronelxavierchaves.mg.gov.br\/prefeitura\/?p=23533"},"modified":"2025-04-28T13:28:08","modified_gmt":"2025-04-28T16:28:08","slug":"contrato-pa-45-2025-contratacao-do-sebrae-mg-para-realizacao-de-capacitacao-dos-produtores-de-leite-e-queijo-e-produtores-de-cachaca-como-parte-integrante-da-programacao-do-iii-festival-do-queijo","status":"publish","type":"post","link":"https:\/\/coronelxavierchaves.mg.gov.br\/prefeitura\/2025\/04\/28\/contrato-pa-45-2025-contratacao-do-sebrae-mg-para-realizacao-de-capacitacao-dos-produtores-de-leite-e-queijo-e-produtores-de-cachaca-como-parte-integrante-da-programacao-do-iii-festival-do-queijo\/","title":{"rendered":"Contrato (PA 45\/2025) &#8211; Contrata\u00e7\u00e3o do SEBRAE\/MG para realiza\u00e7\u00e3o de capacita\u00e7\u00e3o dos produtores de leite e queijo e produtores de cacha\u00e7a, como parte integrante da programa\u00e7\u00e3o do III Festival do Queijo e da Cacha\u00e7a das Vertentes"},"content":{"rendered":"<blockquote><p>DOWNLOADS<\/p><\/blockquote>\n<ul>\n<li><a href=\"https:\/\/coronelxavierchaves.mg.gov.br\/prefeitura\/wp-content\/uploads\/2025\/04\/CONTRATO-45-2025.pdf\">CONTRATO<\/a>, publicado em 28\/04\/2025 \u00e0s 13:28h.<\/li>\n<\/ul>\n<blockquote><p>OBJETO<\/p><\/blockquote>\n<div style=\"text-align: justify;\">\n<div style=\"text-align: justify;\"><b>CONTRATA\u00c7\u00c3O DO SEBRAE\/MG PARA REALIZA\u00c7\u00c3O DE CAPACITA\u00c7\u00c3O DOS PRODUTORES DE LEITE E QUEIJO MINAS ARTESANAL E PRODUTORES DE CACHA\u00c7A, QUE ACONTECER\u00c1 ENTRE OS DIAS 28, 29 E 30 DE ABRIL DE 2025. OS CURSOS S\u00c3O PARTE INTEGRANTE DA PROGRAMA\u00c7\u00c3O DO III FESTIVAL DO QUEIJO E DA CACHA\u00c7A DAS VERTENTES EM CORONEL XAVIER CHAVES\/MG<\/b><b>.\u00a0<\/b><\/div>\n<div>\n<p>&nbsp;<\/p>\n<div>\n<p>*<b>PUBLICA\u00c7\u00c3O<\/b><\/p>\n<ul>\n<li>Um destaque desta publica\u00e7\u00e3o foi gerado na p\u00e1gina inicial do site, dispon\u00edvel at\u00e9 que demais publica\u00e7\u00f5es sejam realizadas.<\/li>\n<li>Uma publica\u00e7\u00e3o permanente foi feita na p\u00e1gina de Editais e Licita\u00e7\u00f5es.<\/li>\n<li>Link para acesso:\u00a0http:\/\/coronelxavierchaves.mg.gov.br\/prefeitura\/wp-json\/wp\/v2\/posts\/23533<\/li>\n<\/ul>\n<\/div>\n<\/div>\n<\/div>\n","protected":false},"excerpt":{"rendered":"<p>DOWNLOADS CONTRATO, publicado em 28\/04\/2025 \u00e0s 13:28h. OBJETO CONTRATA\u00c7\u00c3O DO SEBRAE\/MG PARA REALIZA\u00c7\u00c3O DE CAPACITA\u00c7\u00c3O DOS PRODUTORES DE LEITE E QUEIJO MINAS ARTESANAL E PRODUTORES DE CACHA\u00c7A, QUE ACONTECER\u00c1 ENTRE OS DIAS 28, 29 E 30 DE ABRIL DE 2025. OS CURSOS S\u00c3O PARTE INTEGRANTE DA PROGRAMA\u00c7\u00c3O DO III FESTIVAL DO QUEIJO E DA CACHA\u00c7A [&hellip;]<\/p>\n","protected":false},"author":3,"featured_media":4367,"comment_status":"closed","ping_status":"closed","sticky":false,"template":"","format":"standard","meta":{"footnotes":"","_links_to":"","_links_to_target":""},"categories":[139],"tags":[],"class_list":{"0":"post-23533","1":"post","2":"type-post","3":"status-publish","4":"format-standard","5":"has-post-thumbnail","7":"category-contratos-aditivos-atas-e-outros-2025"},"_links":{"self":[{"href":"https:\/\/coronelxavierchaves.mg.gov.br\/prefeitura\/wp-json\/wp\/v2\/posts\/23533","targetHints":{"allow":["GET"]}}],"collection":[{"href":"https:\/\/coronelxavierchaves.mg.gov.br\/prefeitura\/wp-json\/wp\/v2\/posts"}],"about":[{"href":"https:\/\/coronelxavierchaves.mg.gov.br\/prefeitura\/wp-json\/wp\/v2\/types\/post"}],"author":[{"embeddable":true,"href":"https:\/\/coronelxavierchaves.mg.gov.br\/prefeitura\/wp-json\/wp\/v2\/users\/3"}],"replies":[{"embeddable":true,"href":"https:\/\/coronelxavierchaves.mg.gov.br\/prefeitura\/wp-json\/wp\/v2\/comments?post=23533"}],"version-history":[{"count":1,"href":"https:\/\/coronelxavierchaves.mg.gov.br\/prefeitura\/wp-json\/wp\/v2\/posts\/23533\/revisions"}],"predecessor-version":[{"id":23536,"href":"https:\/\/coronelxavierchaves.mg.gov.br\/prefeitura\/wp-json\/wp\/v2\/posts\/23533\/revisions\/23536"}],"wp:featuredmedia":[{"embeddable":true,"href":"https:\/\/coronelxavierchaves.mg.gov.br\/prefeitura\/wp-json\/wp\/v2\/media\/4367"}],"wp:attachment":[{"href":"https:\/\/coronelxavierchaves.mg.gov.br\/prefeitura\/wp-json\/wp\/v2\/media?parent=23533"}],"wp:term":[{"taxonomy":"category","embeddable":true,"href":"https:\/\/coronelxavierchaves.mg.gov.br\/prefeitura\/wp-json\/wp\/v2\/categories?post=23533"},{"taxonomy":"post_tag","embeddable":true,"href":"https:\/\/coronelxavierchaves.mg.gov.br\/prefeitura\/wp-json\/wp\/v2\/tags?post=23533"}],"curies":[{"name":"wp","href":"https:\/\/api.w.org\/{rel}","templated":true}]}}