{"id":23543,"date":"2025-04-28T13:34:07","date_gmt":"2025-04-28T16:34:07","guid":{"rendered":"https:\/\/coronelxavierchaves.mg.gov.br\/prefeitura\/?p=23543"},"modified":"2025-04-28T13:34:07","modified_gmt":"2025-04-28T16:34:07","slug":"contrato-pa-47-2025-contratacao-da-associacao-do-circuito-turistico-trilha-dos-inconfidentes-para-a-realizacao-de-mapeamento-estudo-da-viabilidade-turistica-e-economica","status":"publish","type":"post","link":"https:\/\/coronelxavierchaves.mg.gov.br\/prefeitura\/2025\/04\/28\/contrato-pa-47-2025-contratacao-da-associacao-do-circuito-turistico-trilha-dos-inconfidentes-para-a-realizacao-de-mapeamento-estudo-da-viabilidade-turistica-e-economica\/","title":{"rendered":"Contrato (PA 47\/2025) &#8211; Contrata\u00e7\u00e3o da associa\u00e7\u00e3o do circuito tur\u00edstico trilha dos inconfidentes para a realiza\u00e7\u00e3o de mapeamento, estudo da viabilidade tur\u00edstica e econ\u00f4mica&#8230;"},"content":{"rendered":"<blockquote><p>DOWNLOADS<\/p><\/blockquote>\n<ul>\n<li><a href=\"https:\/\/coronelxavierchaves.mg.gov.br\/prefeitura\/wp-content\/uploads\/2025\/04\/CONTRATO-ROTA-DAS-CAPELAS-47-2025.pdf\">CONTRATO<\/a>, publicado em 28\/04\/2025 \u00e0s 13:34h.<\/li>\n<\/ul>\n<blockquote><p>OBJETO<\/p><\/blockquote>\n<div style=\"text-align: justify;\">\n<div style=\"text-align: justify;\"><b>CONTRATA\u00c7\u00c3O DA ASSOCIA\u00c7\u00c3O DO CIRCUITO TUR\u00cdSTICO TRILHA DOS INCONFIDENTES PARA A REALIZA\u00c7\u00c3O DE MAPEAMENTO, ESTUDO DA VIABILIDADE TUR\u00cdSTICA E ECON\u00d4MICA E FORMATA\u00c7\u00c3O DE ROTA DE CICLOTURISMO ENTRE CORONEL XAVIER CHAVES, RESENDE COSTA E RIT\u00c1POLIS.<\/b><\/div>\n<div>\n<p>&nbsp;<\/p>\n<div>\n<p>*<b>PUBLICA\u00c7\u00c3O<\/b><\/p>\n<ul>\n<li>Um destaque desta publica\u00e7\u00e3o foi gerado na p\u00e1gina inicial do site, dispon\u00edvel at\u00e9 que demais publica\u00e7\u00f5es sejam realizadas.<\/li>\n<li>Uma publica\u00e7\u00e3o permanente foi feita na p\u00e1gina de Editais e Licita\u00e7\u00f5es.<\/li>\n<li>Link para acesso:\u00a0http:\/\/coronelxavierchaves.mg.gov.br\/prefeitura\/wp-json\/wp\/v2\/posts\/23543<\/li>\n<\/ul>\n<\/div>\n<\/div>\n<\/div>\n","protected":false},"excerpt":{"rendered":"<p>DOWNLOADS CONTRATO, publicado em 28\/04\/2025 \u00e0s 13:34h. OBJETO CONTRATA\u00c7\u00c3O DA ASSOCIA\u00c7\u00c3O DO CIRCUITO TUR\u00cdSTICO TRILHA DOS INCONFIDENTES PARA A REALIZA\u00c7\u00c3O DE MAPEAMENTO, ESTUDO DA VIABILIDADE TUR\u00cdSTICA E ECON\u00d4MICA E FORMATA\u00c7\u00c3O DE ROTA DE CICLOTURISMO ENTRE CORONEL XAVIER CHAVES, RESENDE COSTA E RIT\u00c1POLIS. &nbsp; *PUBLICA\u00c7\u00c3O Um destaque desta publica\u00e7\u00e3o foi gerado na p\u00e1gina inicial do site, [&hellip;]<\/p>\n","protected":false},"author":3,"featured_media":4367,"comment_status":"closed","ping_status":"closed","sticky":false,"template":"","format":"standard","meta":{"footnotes":"","_links_to":"","_links_to_target":""},"categories":[139],"tags":[],"class_list":{"0":"post-23543","1":"post","2":"type-post","3":"status-publish","4":"format-standard","5":"has-post-thumbnail","7":"category-contratos-aditivos-atas-e-outros-2025"},"_links":{"self":[{"href":"https:\/\/coronelxavierchaves.mg.gov.br\/prefeitura\/wp-json\/wp\/v2\/posts\/23543","targetHints":{"allow":["GET"]}}],"collection":[{"href":"https:\/\/coronelxavierchaves.mg.gov.br\/prefeitura\/wp-json\/wp\/v2\/posts"}],"about":[{"href":"https:\/\/coronelxavierchaves.mg.gov.br\/prefeitura\/wp-json\/wp\/v2\/types\/post"}],"author":[{"embeddable":true,"href":"https:\/\/coronelxavierchaves.mg.gov.br\/prefeitura\/wp-json\/wp\/v2\/users\/3"}],"replies":[{"embeddable":true,"href":"https:\/\/coronelxavierchaves.mg.gov.br\/prefeitura\/wp-json\/wp\/v2\/comments?post=23543"}],"version-history":[{"count":1,"href":"https:\/\/coronelxavierchaves.mg.gov.br\/prefeitura\/wp-json\/wp\/v2\/posts\/23543\/revisions"}],"predecessor-version":[{"id":23546,"href":"https:\/\/coronelxavierchaves.mg.gov.br\/prefeitura\/wp-json\/wp\/v2\/posts\/23543\/revisions\/23546"}],"wp:featuredmedia":[{"embeddable":true,"href":"https:\/\/coronelxavierchaves.mg.gov.br\/prefeitura\/wp-json\/wp\/v2\/media\/4367"}],"wp:attachment":[{"href":"https:\/\/coronelxavierchaves.mg.gov.br\/prefeitura\/wp-json\/wp\/v2\/media?parent=23543"}],"wp:term":[{"taxonomy":"category","embeddable":true,"href":"https:\/\/coronelxavierchaves.mg.gov.br\/prefeitura\/wp-json\/wp\/v2\/categories?post=23543"},{"taxonomy":"post_tag","embeddable":true,"href":"https:\/\/coronelxavierchaves.mg.gov.br\/prefeitura\/wp-json\/wp\/v2\/tags?post=23543"}],"curies":[{"name":"wp","href":"https:\/\/api.w.org\/{rel}","templated":true}]}}