{"id":23548,"date":"2025-04-28T13:37:05","date_gmt":"2025-04-28T16:37:05","guid":{"rendered":"https:\/\/coronelxavierchaves.mg.gov.br\/prefeitura\/?p=23548"},"modified":"2025-04-28T13:37:05","modified_gmt":"2025-04-28T16:37:05","slug":"contrato-pa-48-2025-contratacao-de-empresa-especializada-para-o-desenvolvimento-de-acoes-no-ambito-da-producao-da-cachaca-no-iii-festival-do-queijo-e-da-cachaca-das-vertentes","status":"publish","type":"post","link":"https:\/\/coronelxavierchaves.mg.gov.br\/prefeitura\/2025\/04\/28\/contrato-pa-48-2025-contratacao-de-empresa-especializada-para-o-desenvolvimento-de-acoes-no-ambito-da-producao-da-cachaca-no-iii-festival-do-queijo-e-da-cachaca-das-vertentes\/","title":{"rendered":"Contrato (PA 48\/2025) &#8211; Contrata\u00e7\u00e3o de empresa especializada para o desenvolvimento de a\u00e7\u00f5es no \u00e2mbito da produ\u00e7\u00e3o da cacha\u00e7a, no \u201cIII Festival do Queijo e da Cacha\u00e7a das Vertentes\u201d"},"content":{"rendered":"<blockquote><p>DOWNLOADS<\/p><\/blockquote>\n<ul>\n<li><a href=\"https:\/\/coronelxavierchaves.mg.gov.br\/prefeitura\/wp-content\/uploads\/2025\/04\/CONTRATO-48-2025.pdf\">CONTRATO<\/a>, publicado em 28\/04\/2025 \u00e0s 13:37h.<\/li>\n<\/ul>\n<blockquote><p>OBJETO<\/p><\/blockquote>\n<div style=\"text-align: justify;\">\n<div style=\"text-align: justify;\">\n<p><b>CONTRATA\u00c7\u00c3O DE EMPRESA ESPECIALIZADA PARA O DESENVOLVIMENTO DE A\u00c7\u00d5ES NO \u00c2MBITO DA PRODU\u00c7\u00c3O DA CACHA\u00c7A, SUA DEGUSTA\u00c7\u00c3O E HARMONIZA\u00c7\u00c3O, PARA ATENDER O CONSUMIDOR FINAL E PRODUTORES NO \u201cIII FESTIVAL DO QUEIJO E DA CACHA\u00c7A DAS VERTENTES\u201d, QUE ACONTECER\u00c1 ENTRE OS DIAS 30 DE ABRIL A 04 DE MAIO DE 2025 NA CIDADE DE CORONEL XAVIER CHAVES\/MG.\u00a0<\/b><\/p>\n<\/div>\n<div>\n<p>&nbsp;<\/p>\n<div>\n<p>*<b>PUBLICA\u00c7\u00c3O<\/b><\/p>\n<ul>\n<li>Um destaque desta publica\u00e7\u00e3o foi gerado na p\u00e1gina inicial do site, dispon\u00edvel at\u00e9 que demais publica\u00e7\u00f5es sejam realizadas.<\/li>\n<li>Uma publica\u00e7\u00e3o permanente foi feita na p\u00e1gina de Editais e Licita\u00e7\u00f5es.<\/li>\n<li>Link para acesso:\u00a0http:\/\/coronelxavierchaves.mg.gov.br\/prefeitura\/wp-json\/wp\/v2\/posts\/23548<\/li>\n<\/ul>\n<\/div>\n<\/div>\n<\/div>\n","protected":false},"excerpt":{"rendered":"<p>DOWNLOADS CONTRATO, publicado em 28\/04\/2025 \u00e0s 13:37h. OBJETO CONTRATA\u00c7\u00c3O DE EMPRESA ESPECIALIZADA PARA O DESENVOLVIMENTO DE A\u00c7\u00d5ES NO \u00c2MBITO DA PRODU\u00c7\u00c3O DA CACHA\u00c7A, SUA DEGUSTA\u00c7\u00c3O E HARMONIZA\u00c7\u00c3O, PARA ATENDER O CONSUMIDOR FINAL E PRODUTORES NO \u201cIII FESTIVAL DO QUEIJO E DA CACHA\u00c7A DAS VERTENTES\u201d, QUE ACONTECER\u00c1 ENTRE OS DIAS 30 DE ABRIL A 04 DE [&hellip;]<\/p>\n","protected":false},"author":3,"featured_media":4367,"comment_status":"closed","ping_status":"closed","sticky":false,"template":"","format":"standard","meta":{"footnotes":"","_links_to":"","_links_to_target":""},"categories":[139],"tags":[],"class_list":{"0":"post-23548","1":"post","2":"type-post","3":"status-publish","4":"format-standard","5":"has-post-thumbnail","7":"category-contratos-aditivos-atas-e-outros-2025"},"_links":{"self":[{"href":"https:\/\/coronelxavierchaves.mg.gov.br\/prefeitura\/wp-json\/wp\/v2\/posts\/23548","targetHints":{"allow":["GET"]}}],"collection":[{"href":"https:\/\/coronelxavierchaves.mg.gov.br\/prefeitura\/wp-json\/wp\/v2\/posts"}],"about":[{"href":"https:\/\/coronelxavierchaves.mg.gov.br\/prefeitura\/wp-json\/wp\/v2\/types\/post"}],"author":[{"embeddable":true,"href":"https:\/\/coronelxavierchaves.mg.gov.br\/prefeitura\/wp-json\/wp\/v2\/users\/3"}],"replies":[{"embeddable":true,"href":"https:\/\/coronelxavierchaves.mg.gov.br\/prefeitura\/wp-json\/wp\/v2\/comments?post=23548"}],"version-history":[{"count":1,"href":"https:\/\/coronelxavierchaves.mg.gov.br\/prefeitura\/wp-json\/wp\/v2\/posts\/23548\/revisions"}],"predecessor-version":[{"id":23551,"href":"https:\/\/coronelxavierchaves.mg.gov.br\/prefeitura\/wp-json\/wp\/v2\/posts\/23548\/revisions\/23551"}],"wp:featuredmedia":[{"embeddable":true,"href":"https:\/\/coronelxavierchaves.mg.gov.br\/prefeitura\/wp-json\/wp\/v2\/media\/4367"}],"wp:attachment":[{"href":"https:\/\/coronelxavierchaves.mg.gov.br\/prefeitura\/wp-json\/wp\/v2\/media?parent=23548"}],"wp:term":[{"taxonomy":"category","embeddable":true,"href":"https:\/\/coronelxavierchaves.mg.gov.br\/prefeitura\/wp-json\/wp\/v2\/categories?post=23548"},{"taxonomy":"post_tag","embeddable":true,"href":"https:\/\/coronelxavierchaves.mg.gov.br\/prefeitura\/wp-json\/wp\/v2\/tags?post=23548"}],"curies":[{"name":"wp","href":"https:\/\/api.w.org\/{rel}","templated":true}]}}