{"id":23595,"date":"2025-04-29T09:59:05","date_gmt":"2025-04-29T12:59:05","guid":{"rendered":"https:\/\/coronelxavierchaves.mg.gov.br\/prefeitura\/?p=23595"},"modified":"2025-04-29T09:59:05","modified_gmt":"2025-04-29T12:59:05","slug":"atas-de-registro-de-precos-pl-28-2025-aquisicao-de-medicamentos-genericos-similares-injetaveis-especificos-e-biologicos-conforme-lista-constante-na-tabela-cmed-anvisa","status":"publish","type":"post","link":"https:\/\/coronelxavierchaves.mg.gov.br\/prefeitura\/2025\/04\/29\/atas-de-registro-de-precos-pl-28-2025-aquisicao-de-medicamentos-genericos-similares-injetaveis-especificos-e-biologicos-conforme-lista-constante-na-tabela-cmed-anvisa\/","title":{"rendered":"Atas de registro de pre\u00e7os (PL 28\/2025) &#8211; Aquisi\u00e7\u00e3o de medicamentos gen\u00e9ricos, similares, injet\u00e1veis, espec\u00edficos e biol\u00f3gicos conforme lista constante na tabela CMED\/ANVISA"},"content":{"rendered":"<blockquote><p>DOWNLOADS<\/p><\/blockquote>\n<ul>\n<li><a href=\"https:\/\/coronelxavierchaves.mg.gov.br\/prefeitura\/wp-content\/uploads\/2025\/04\/ATA-DE-REGISTRO-DE-PRECOS-ALFALAGOS-28-2025.pdf\">ATA DE REGISTRO DE PRE\u00c7OS: ALFALAGOS<\/a>, publicado em 29\/04\/2025 \u00e0s 09:59h.<\/li>\n<li><a href=\"https:\/\/coronelxavierchaves.mg.gov.br\/prefeitura\/wp-content\/uploads\/2025\/04\/ATA-DE-REGISTRO-DE-PRECOS-REALPHARMA-28-2025.pdf\">ATA DE REGISTRO DE PRE\u00c7OS:: REALPHARMA<\/a>, publicado em 29\/04\/2025 \u00e0s 09:59h.<\/li>\n<\/ul>\n<blockquote><p>OBJETO<\/p><\/blockquote>\n<div style=\"text-align: justify;\">\n<div style=\"text-align: justify;\"><b><span lang=\"PT\">AQUISI\u00c7\u00c3O DE MEDICAMENTOS GEN\u00c9RICOS, SIMILARES, INJET\u00c1VEIS, ESPEC\u00cdFICOS E BIOL\u00d3GICOS CONFORME LISTA CONSTANTE NA TABELA CMED\/ANVISA, CONSIDERANDO O MAIOR DESCONTO SOBRE A COLUNA PF (PRE\u00c7O F\u00c1BRICA), PARA ATENDER \u00c0S NECESSIDADES DA FARM\u00c1CIA DE MINAS \u201cJANDIR SILVA\u201d E DOS PACIENTES DA REDE MUNICIPAL DE SA\u00daDE DE CORONEL XAVIER CHAVES\/MG.<\/span><\/b><\/div>\n<div>\n<p>&nbsp;<\/p>\n<div>\n<p>*<b>PUBLICA\u00c7\u00c3O<\/b><\/p>\n<ul>\n<li>Um destaque desta publica\u00e7\u00e3o foi gerado na p\u00e1gina inicial do site, dispon\u00edvel at\u00e9 que demais publica\u00e7\u00f5es sejam realizadas.<\/li>\n<li>Uma publica\u00e7\u00e3o permanente foi feita na p\u00e1gina de Editais e Licita\u00e7\u00f5es.<\/li>\n<li>Link para acesso:\u00a0http:\/\/coronelxavierchaves.mg.gov.br\/prefeitura\/wp-json\/wp\/v2\/posts\/23595<\/li>\n<\/ul>\n<\/div>\n<\/div>\n<\/div>\n","protected":false},"excerpt":{"rendered":"<p>DOWNLOADS ATA DE REGISTRO DE PRE\u00c7OS: ALFALAGOS, publicado em 29\/04\/2025 \u00e0s 09:59h. ATA DE REGISTRO DE PRE\u00c7OS:: REALPHARMA, publicado em 29\/04\/2025 \u00e0s 09:59h. OBJETO AQUISI\u00c7\u00c3O DE MEDICAMENTOS GEN\u00c9RICOS, SIMILARES, INJET\u00c1VEIS, ESPEC\u00cdFICOS E BIOL\u00d3GICOS CONFORME LISTA CONSTANTE NA TABELA CMED\/ANVISA, CONSIDERANDO O MAIOR DESCONTO SOBRE A COLUNA PF (PRE\u00c7O F\u00c1BRICA), PARA ATENDER \u00c0S NECESSIDADES DA FARM\u00c1CIA [&hellip;]<\/p>\n","protected":false},"author":3,"featured_media":4367,"comment_status":"closed","ping_status":"closed","sticky":false,"template":"","format":"standard","meta":{"footnotes":"","_links_to":"","_links_to_target":""},"categories":[139],"tags":[],"class_list":{"0":"post-23595","1":"post","2":"type-post","3":"status-publish","4":"format-standard","5":"has-post-thumbnail","7":"category-contratos-aditivos-atas-e-outros-2025"},"_links":{"self":[{"href":"https:\/\/coronelxavierchaves.mg.gov.br\/prefeitura\/wp-json\/wp\/v2\/posts\/23595","targetHints":{"allow":["GET"]}}],"collection":[{"href":"https:\/\/coronelxavierchaves.mg.gov.br\/prefeitura\/wp-json\/wp\/v2\/posts"}],"about":[{"href":"https:\/\/coronelxavierchaves.mg.gov.br\/prefeitura\/wp-json\/wp\/v2\/types\/post"}],"author":[{"embeddable":true,"href":"https:\/\/coronelxavierchaves.mg.gov.br\/prefeitura\/wp-json\/wp\/v2\/users\/3"}],"replies":[{"embeddable":true,"href":"https:\/\/coronelxavierchaves.mg.gov.br\/prefeitura\/wp-json\/wp\/v2\/comments?post=23595"}],"version-history":[{"count":1,"href":"https:\/\/coronelxavierchaves.mg.gov.br\/prefeitura\/wp-json\/wp\/v2\/posts\/23595\/revisions"}],"predecessor-version":[{"id":23599,"href":"https:\/\/coronelxavierchaves.mg.gov.br\/prefeitura\/wp-json\/wp\/v2\/posts\/23595\/revisions\/23599"}],"wp:featuredmedia":[{"embeddable":true,"href":"https:\/\/coronelxavierchaves.mg.gov.br\/prefeitura\/wp-json\/wp\/v2\/media\/4367"}],"wp:attachment":[{"href":"https:\/\/coronelxavierchaves.mg.gov.br\/prefeitura\/wp-json\/wp\/v2\/media?parent=23595"}],"wp:term":[{"taxonomy":"category","embeddable":true,"href":"https:\/\/coronelxavierchaves.mg.gov.br\/prefeitura\/wp-json\/wp\/v2\/categories?post=23595"},{"taxonomy":"post_tag","embeddable":true,"href":"https:\/\/coronelxavierchaves.mg.gov.br\/prefeitura\/wp-json\/wp\/v2\/tags?post=23595"}],"curies":[{"name":"wp","href":"https:\/\/api.w.org\/{rel}","templated":true}]}}