{"id":23612,"date":"2025-04-29T15:52:38","date_gmt":"2025-04-29T18:52:38","guid":{"rendered":"https:\/\/coronelxavierchaves.mg.gov.br\/prefeitura\/?p=23612"},"modified":"2025-04-29T15:52:38","modified_gmt":"2025-04-29T18:52:38","slug":"errata-e-edital-retificado-pl-54-2025-registro-de-precos-para-aquisicao-de-moveis-brinquedos-eletrodomesticos-e-itens-afins-com-o-objetivo-de-atender-as-necessidades-da-camara-municipal","status":"publish","type":"post","link":"https:\/\/coronelxavierchaves.mg.gov.br\/prefeitura\/2025\/04\/29\/errata-e-edital-retificado-pl-54-2025-registro-de-precos-para-aquisicao-de-moveis-brinquedos-eletrodomesticos-e-itens-afins-com-o-objetivo-de-atender-as-necessidades-da-camara-municipal\/","title":{"rendered":"[Errata e Edital retificado] (PL 54\/2025) &#8211; Registro De Pre\u00e7os Para Aquisi\u00e7\u00e3o De M\u00f3veis, Brinquedos, Eletrodom\u00e9sticos E Itens Afins, Com O Objetivo De Atender \u00c0s Necessidades Da C\u00e2mara Municipal&#8230;"},"content":{"rendered":"<blockquote><p>DOWNLOADS<\/p><\/blockquote>\n<ul>\n<li><a href=\"https:\/\/coronelxavierchaves.mg.gov.br\/prefeitura\/wp-content\/uploads\/2025\/04\/ERRATA-54-2025.pdf\">ERRATA<\/a>, publicado em 29\/04\/2025 \u00e0s 15:52h.<\/li>\n<li><a href=\"https:\/\/coronelxavierchaves.mg.gov.br\/prefeitura\/wp-content\/uploads\/2025\/04\/EDITAL-RETIFICADO-54-2025.pdf\">EDITAL RETIFICADO<\/a>, publicado em 29\/04\/2025 \u00e0s 15:52h.<\/li>\n<\/ul>\n<p>&nbsp;<\/p>\n<p style=\"text-align: center;\"><strong><u>EDITAL RETIFICADO<\/u><\/strong><\/p>\n<p style=\"text-align: justify;\">A Prefeitura Municipal de Coronel Xavier Chaves\/MG, atrav\u00e9s da sua Agente de Contrata\u00e7\u00e3o<br \/>\nJuliana Jaques Camargos e equipe de apoio, nomeados pela Portaria no 3.746 de 02 de janeiro de 2025, torna p\u00fablico para conhecimento dos interessados, que foram realizadas altera\u00e7\u00f5es no Processo Licitat\u00f3rio no 54\/2025, Preg\u00e3o Eletr\u00f4nico no 24\/2025, Menor pre\u00e7o por Lote. Objeto: REGISTRO DE PRE\u00c7OS PARA AQUISI\u00c7\u00c3O DE M\u00d3VEIS, BRINQUEDOS, ELETRODOM\u00c9STICOS E ITENS AFINS, COM O OBJETIVO DE ATENDER \u00c0S NECESSIDADES DA C\u00c2MARA MUNICIPAL E DAS SECRETARIAS DA PREFEITURA DE CORONEL XAVIER CHAVES\/MG.<\/p>\n<div>\n<div style=\"text-align: justify;\">\n<div style=\"text-align: justify;\">\n<div><\/div>\n<\/div>\n<\/div>\n<\/div>\n<div><\/div>\n<div class=\"printshowonly\">\n<p>*<b>PUBLICA\u00c7\u00c3O<\/b><\/p>\n<ul>\n<li>Um destaque desta publica\u00e7\u00e3o foi gerado na p\u00e1gina inicial do site, dispon\u00edvel at\u00e9 que demais publica\u00e7\u00f5es sejam realizadas.<\/li>\n<li>Uma publica\u00e7\u00e3o permanente foi feita na p\u00e1gina de Editais e Licita\u00e7\u00f5es.<\/li>\n<li>Link para acesso:\u00a0http:\/\/coronelxavierchaves.mg.gov.br\/prefeitura\/wp-json\/wp\/v2\/posts\/23612<\/li>\n<\/ul>\n<\/div>\n","protected":false},"excerpt":{"rendered":"<p>DOWNLOADS ERRATA, publicado em 29\/04\/2025 \u00e0s 15:52h. EDITAL RETIFICADO, publicado em 29\/04\/2025 \u00e0s 15:52h. &nbsp; EDITAL RETIFICADO A Prefeitura Municipal de Coronel Xavier Chaves\/MG, atrav\u00e9s da sua Agente de Contrata\u00e7\u00e3o Juliana Jaques Camargos e equipe de apoio, nomeados pela Portaria no 3.746 de 02 de janeiro de 2025, torna p\u00fablico para conhecimento dos interessados, que [&hellip;]<\/p>\n","protected":false},"author":3,"featured_media":4367,"comment_status":"closed","ping_status":"closed","sticky":false,"template":"","format":"standard","meta":{"footnotes":"","_links_to":"","_links_to_target":""},"categories":[141],"tags":[],"class_list":{"0":"post-23612","1":"post","2":"type-post","3":"status-publish","4":"format-standard","5":"has-post-thumbnail","7":"category-outras-publicacoes-2025"},"_links":{"self":[{"href":"https:\/\/coronelxavierchaves.mg.gov.br\/prefeitura\/wp-json\/wp\/v2\/posts\/23612","targetHints":{"allow":["GET"]}}],"collection":[{"href":"https:\/\/coronelxavierchaves.mg.gov.br\/prefeitura\/wp-json\/wp\/v2\/posts"}],"about":[{"href":"https:\/\/coronelxavierchaves.mg.gov.br\/prefeitura\/wp-json\/wp\/v2\/types\/post"}],"author":[{"embeddable":true,"href":"https:\/\/coronelxavierchaves.mg.gov.br\/prefeitura\/wp-json\/wp\/v2\/users\/3"}],"replies":[{"embeddable":true,"href":"https:\/\/coronelxavierchaves.mg.gov.br\/prefeitura\/wp-json\/wp\/v2\/comments?post=23612"}],"version-history":[{"count":1,"href":"https:\/\/coronelxavierchaves.mg.gov.br\/prefeitura\/wp-json\/wp\/v2\/posts\/23612\/revisions"}],"predecessor-version":[{"id":23616,"href":"https:\/\/coronelxavierchaves.mg.gov.br\/prefeitura\/wp-json\/wp\/v2\/posts\/23612\/revisions\/23616"}],"wp:featuredmedia":[{"embeddable":true,"href":"https:\/\/coronelxavierchaves.mg.gov.br\/prefeitura\/wp-json\/wp\/v2\/media\/4367"}],"wp:attachment":[{"href":"https:\/\/coronelxavierchaves.mg.gov.br\/prefeitura\/wp-json\/wp\/v2\/media?parent=23612"}],"wp:term":[{"taxonomy":"category","embeddable":true,"href":"https:\/\/coronelxavierchaves.mg.gov.br\/prefeitura\/wp-json\/wp\/v2\/categories?post=23612"},{"taxonomy":"post_tag","embeddable":true,"href":"https:\/\/coronelxavierchaves.mg.gov.br\/prefeitura\/wp-json\/wp\/v2\/tags?post=23612"}],"curies":[{"name":"wp","href":"https:\/\/api.w.org\/{rel}","templated":true}]}}