{"id":23664,"date":"2025-05-07T10:11:11","date_gmt":"2025-05-07T13:11:11","guid":{"rendered":"https:\/\/coronelxavierchaves.mg.gov.br\/prefeitura\/?p=23664"},"modified":"2025-05-07T10:14:10","modified_gmt":"2025-05-07T13:14:10","slug":"suspensao-de-processo-licitatorio-pl-54-2025-registro-de-precos-para-aquisicao-de-moveis-brinquedos-eletrodomesticos-e-itens-afins-com-o-objetivo-de-atender-as-necessidades-da-camara-municipal","status":"publish","type":"post","link":"https:\/\/coronelxavierchaves.mg.gov.br\/prefeitura\/2025\/05\/07\/suspensao-de-processo-licitatorio-pl-54-2025-registro-de-precos-para-aquisicao-de-moveis-brinquedos-eletrodomesticos-e-itens-afins-com-o-objetivo-de-atender-as-necessidades-da-camara-municipal\/","title":{"rendered":"Suspens\u00e3o de Processo Licitat\u00f3rio (PL 54\/2025): Registro De Pre\u00e7os Para Aquisi\u00e7\u00e3o De M\u00f3veis, Brinquedos, Eletrodom\u00e9sticos E Itens Afins, Com O Objetivo De Atender \u00c0s Necessidades Da C\u00e2mara Municipal&#8230;"},"content":{"rendered":"<blockquote><p>DOWNLOADS<\/p><\/blockquote>\n<ul>\n<li><a href=\"https:\/\/coronelxavierchaves.mg.gov.br\/prefeitura\/wp-content\/uploads\/2025\/05\/SUSPENSAO-DE-PROCESSO-54-2025.pdf\">SUSPENS\u00c3O<\/a>, publicado em 07\/05\/2025 \u00e0s 10:11h.<\/li>\n<\/ul>\n<blockquote><p>OBJETO<\/p><\/blockquote>\n<div style=\"text-align: justify;\">\n<div style=\"text-align: justify;\">\n<p>REGISTRO DE PRE\u00c7OS PARA AQUISI\u00c7\u00c3O DE M\u00d3VEIS, BRINQUEDOS, ELETRODOM\u00c9STICOS E ITENS AFINS, COM O OBJETIVO DE ATENDER \u00c0S NECESSIDADES DA C\u00c2MARA MUNICIPAL E DAS SECRETARIAS DA PREFEITURA DE CORONEL XAVIER CHAVES\/MG.<\/p>\n<\/div>\n<\/div>\n<p>&nbsp;<\/p>\n<div class=\"printshowonly\">\n<p>*<b>PUBLICA\u00c7\u00c3O<\/b><\/p>\n<ul>\n<li>Um destaque desta publica\u00e7\u00e3o foi gerado na p\u00e1gina inicial do site, dispon\u00edvel at\u00e9 que demais publica\u00e7\u00f5es sejam realizadas.<\/li>\n<li>Uma publica\u00e7\u00e3o permanente foi feita na p\u00e1gina de Editais e Licita\u00e7\u00f5es.<\/li>\n<li>Link para acesso:http:\/\/coronelxavierchaves.mg.gov.br\/prefeitura\/wp-json\/wp\/v2\/posts\/23664<\/li>\n<\/ul>\n<\/div>\n","protected":false},"excerpt":{"rendered":"<p>DOWNLOADS SUSPENS\u00c3O, publicado em 07\/05\/2025 \u00e0s 10:11h. OBJETO REGISTRO DE PRE\u00c7OS PARA AQUISI\u00c7\u00c3O DE M\u00d3VEIS, BRINQUEDOS, ELETRODOM\u00c9STICOS E ITENS AFINS, COM O OBJETIVO DE ATENDER \u00c0S NECESSIDADES DA C\u00c2MARA MUNICIPAL E DAS SECRETARIAS DA PREFEITURA DE CORONEL XAVIER CHAVES\/MG. &nbsp; *PUBLICA\u00c7\u00c3O Um destaque desta publica\u00e7\u00e3o foi gerado na p\u00e1gina inicial do site, dispon\u00edvel at\u00e9 que [&hellip;]<\/p>\n","protected":false},"author":3,"featured_media":4367,"comment_status":"closed","ping_status":"closed","sticky":false,"template":"","format":"standard","meta":{"footnotes":"","_links_to":"","_links_to_target":""},"categories":[139],"tags":[],"class_list":{"0":"post-23664","1":"post","2":"type-post","3":"status-publish","4":"format-standard","5":"has-post-thumbnail","7":"category-contratos-aditivos-atas-e-outros-2025"},"_links":{"self":[{"href":"https:\/\/coronelxavierchaves.mg.gov.br\/prefeitura\/wp-json\/wp\/v2\/posts\/23664","targetHints":{"allow":["GET"]}}],"collection":[{"href":"https:\/\/coronelxavierchaves.mg.gov.br\/prefeitura\/wp-json\/wp\/v2\/posts"}],"about":[{"href":"https:\/\/coronelxavierchaves.mg.gov.br\/prefeitura\/wp-json\/wp\/v2\/types\/post"}],"author":[{"embeddable":true,"href":"https:\/\/coronelxavierchaves.mg.gov.br\/prefeitura\/wp-json\/wp\/v2\/users\/3"}],"replies":[{"embeddable":true,"href":"https:\/\/coronelxavierchaves.mg.gov.br\/prefeitura\/wp-json\/wp\/v2\/comments?post=23664"}],"version-history":[{"count":2,"href":"https:\/\/coronelxavierchaves.mg.gov.br\/prefeitura\/wp-json\/wp\/v2\/posts\/23664\/revisions"}],"predecessor-version":[{"id":23668,"href":"https:\/\/coronelxavierchaves.mg.gov.br\/prefeitura\/wp-json\/wp\/v2\/posts\/23664\/revisions\/23668"}],"wp:featuredmedia":[{"embeddable":true,"href":"https:\/\/coronelxavierchaves.mg.gov.br\/prefeitura\/wp-json\/wp\/v2\/media\/4367"}],"wp:attachment":[{"href":"https:\/\/coronelxavierchaves.mg.gov.br\/prefeitura\/wp-json\/wp\/v2\/media?parent=23664"}],"wp:term":[{"taxonomy":"category","embeddable":true,"href":"https:\/\/coronelxavierchaves.mg.gov.br\/prefeitura\/wp-json\/wp\/v2\/categories?post=23664"},{"taxonomy":"post_tag","embeddable":true,"href":"https:\/\/coronelxavierchaves.mg.gov.br\/prefeitura\/wp-json\/wp\/v2\/tags?post=23664"}],"curies":[{"name":"wp","href":"https:\/\/api.w.org\/{rel}","templated":true}]}}