{"id":23681,"date":"2025-05-07T12:13:40","date_gmt":"2025-05-07T15:13:40","guid":{"rendered":"https:\/\/coronelxavierchaves.mg.gov.br\/prefeitura\/?p=23681"},"modified":"2025-05-07T12:13:40","modified_gmt":"2025-05-07T15:13:40","slug":"1o-termo-aditivo-correcao-de-trecho-com-erosao-na-estrada-de-ligacao-entre-os-municipios-de-coronel-xavier-chaves-e-resende-costa-loredo","status":"publish","type":"post","link":"https:\/\/coronelxavierchaves.mg.gov.br\/prefeitura\/2025\/05\/07\/1o-termo-aditivo-correcao-de-trecho-com-erosao-na-estrada-de-ligacao-entre-os-municipios-de-coronel-xavier-chaves-e-resende-costa-loredo\/","title":{"rendered":"1\u00ba Termo Aditivo &#8211; Corre\u00e7\u00e3o de trecho com eros\u00e3o na estrada de liga\u00e7\u00e3o entre os munic\u00edpios de Coronel Xavier Chaves e Resende Costa &#8211; LOREDO"},"content":{"rendered":"<blockquote><p>DOWNLOADS<\/p><\/blockquote>\n<ul>\n<li><a href=\"https:\/\/coronelxavierchaves.mg.gov.br\/prefeitura\/wp-content\/uploads\/2025\/05\/1o-TA-SUPRESSAO-LOERDO.pdf\">1\u00ba TERMO ADITIVO<\/a>, publicado em 07\/05\/2025 \u00e0s 12:13h.<\/li>\n<\/ul>\n<p>&nbsp;<\/p>\n<blockquote><p>OBJETO<\/p><\/blockquote>\n<p style=\"text-align: justify;\"><b><u>CONTRATA\u00c7\u00c3O DE EMPRESA ESPECIALIZADA PARA REALIZAR PAVIMENTA\u00c7\u00c3O ASF\u00c1LTICA DA ESTRADA DE LIGA\u00c7\u00c3O ENTRE OS MUNIC\u00cdPIOS DE CORONEL XAVIER CHAVES E RESENDE COSTA.\u00a0<\/u><\/b><\/p>\n<p>&nbsp;<\/p>\n<div class=\"printshowonly\">\n<p>*<b>PUBLICA\u00c7\u00c3O<\/b><\/p>\n<ul>\n<li>Um destaque desta publica\u00e7\u00e3o foi gerado na p\u00e1gina inicial do site, dispon\u00edvel at\u00e9 que demais publica\u00e7\u00f5es sejam realizadas.<\/li>\n<li>Uma publica\u00e7\u00e3o permanente foi feita na p\u00e1gina de Editais e Licita\u00e7\u00f5es.<\/li>\n<li>Link para acesso:\u00a0http:\/\/coronelxavierchaves.mg.gov.br\/prefeitura\/wp-json\/wp\/v2\/posts\/23681<\/li>\n<\/ul>\n<\/div>\n","protected":false},"excerpt":{"rendered":"<p>DOWNLOADS 1\u00ba TERMO ADITIVO, publicado em 07\/05\/2025 \u00e0s 12:13h. &nbsp; OBJETO CONTRATA\u00c7\u00c3O DE EMPRESA ESPECIALIZADA PARA REALIZAR PAVIMENTA\u00c7\u00c3O ASF\u00c1LTICA DA ESTRADA DE LIGA\u00c7\u00c3O ENTRE OS MUNIC\u00cdPIOS DE CORONEL XAVIER CHAVES E RESENDE COSTA.\u00a0 &nbsp; *PUBLICA\u00c7\u00c3O Um destaque desta publica\u00e7\u00e3o foi gerado na p\u00e1gina inicial do site, dispon\u00edvel at\u00e9 que demais publica\u00e7\u00f5es sejam realizadas. Uma publica\u00e7\u00e3o [&hellip;]<\/p>\n","protected":false},"author":3,"featured_media":4367,"comment_status":"closed","ping_status":"closed","sticky":false,"template":"","format":"standard","meta":{"footnotes":"","_links_to":"","_links_to_target":""},"categories":[139],"tags":[],"class_list":{"0":"post-23681","1":"post","2":"type-post","3":"status-publish","4":"format-standard","5":"has-post-thumbnail","7":"category-contratos-aditivos-atas-e-outros-2025"},"_links":{"self":[{"href":"https:\/\/coronelxavierchaves.mg.gov.br\/prefeitura\/wp-json\/wp\/v2\/posts\/23681","targetHints":{"allow":["GET"]}}],"collection":[{"href":"https:\/\/coronelxavierchaves.mg.gov.br\/prefeitura\/wp-json\/wp\/v2\/posts"}],"about":[{"href":"https:\/\/coronelxavierchaves.mg.gov.br\/prefeitura\/wp-json\/wp\/v2\/types\/post"}],"author":[{"embeddable":true,"href":"https:\/\/coronelxavierchaves.mg.gov.br\/prefeitura\/wp-json\/wp\/v2\/users\/3"}],"replies":[{"embeddable":true,"href":"https:\/\/coronelxavierchaves.mg.gov.br\/prefeitura\/wp-json\/wp\/v2\/comments?post=23681"}],"version-history":[{"count":1,"href":"https:\/\/coronelxavierchaves.mg.gov.br\/prefeitura\/wp-json\/wp\/v2\/posts\/23681\/revisions"}],"predecessor-version":[{"id":23683,"href":"https:\/\/coronelxavierchaves.mg.gov.br\/prefeitura\/wp-json\/wp\/v2\/posts\/23681\/revisions\/23683"}],"wp:featuredmedia":[{"embeddable":true,"href":"https:\/\/coronelxavierchaves.mg.gov.br\/prefeitura\/wp-json\/wp\/v2\/media\/4367"}],"wp:attachment":[{"href":"https:\/\/coronelxavierchaves.mg.gov.br\/prefeitura\/wp-json\/wp\/v2\/media?parent=23681"}],"wp:term":[{"taxonomy":"category","embeddable":true,"href":"https:\/\/coronelxavierchaves.mg.gov.br\/prefeitura\/wp-json\/wp\/v2\/categories?post=23681"},{"taxonomy":"post_tag","embeddable":true,"href":"https:\/\/coronelxavierchaves.mg.gov.br\/prefeitura\/wp-json\/wp\/v2\/tags?post=23681"}],"curies":[{"name":"wp","href":"https:\/\/api.w.org\/{rel}","templated":true}]}}