{"id":23709,"date":"2025-05-09T15:52:32","date_gmt":"2025-05-09T18:52:32","guid":{"rendered":"https:\/\/coronelxavierchaves.mg.gov.br\/prefeitura\/?p=23709"},"modified":"2026-03-26T15:26:25","modified_gmt":"2026-03-26T18:26:25","slug":"edital-003-2025-processo-seletivo-para-estagio-remunerado-na-escola-municipal-sebastiao-patricio-pinto","status":"publish","type":"post","link":"https:\/\/coronelxavierchaves.mg.gov.br\/prefeitura\/2025\/05\/09\/edital-003-2025-processo-seletivo-para-estagio-remunerado-na-escola-municipal-sebastiao-patricio-pinto\/","title":{"rendered":"Edital 003\/2025 &#8211; Processo Seletivo para Est\u00e1gio remunerado na Escola Municipal Sebasti\u00e3o Patr\u00edcio Pinto"},"content":{"rendered":"<ul>\n<li><a href=\"https:\/\/coronelxavierchaves.mg.gov.br\/prefeitura\/wp-content\/uploads\/2025\/05\/Edital-no-003-Estagio-Remunerado.pdf\">EDITAL<\/a>, publicado em 09\/05\/2025 \u00e0s 15:52h.<\/li>\n<li><a href=\"https:\/\/coronelxavierchaves.mg.gov.br\/prefeitura\/wp-content\/uploads\/2025\/05\/3a-Classificacao-de-estagiarios-Pedagogia-e-Psicologia-para-divulgacao.pdf\">CLASSIFICA\u00c7\u00c3O<\/a>, publicado em 16\/05\/2025 \u00e0s 14:40h.<\/li>\n<li><a href=\"https:\/\/coronelxavierchaves.mg.gov.br\/prefeitura\/wp-content\/uploads\/2026\/01\/Edital-de-Convocacao-de-estagiarios-123-e-4.pdf\">CONVOCA\u00c7\u00c3O<\/a>, publicado em 29\/01\/2026 \u00e0s 12:20h.<\/li>\n<li><a href=\"https:\/\/coronelxavierchaves.mg.gov.br\/prefeitura\/wp-content\/uploads\/2026\/03\/Edital-estagiarios-2026.pdf\">CONVOCA\u00c7\u00c3O<\/a>, publicado em 26\/03\/2026 \u00e0s 15:26h.<\/li>\n<\/ul>\n","protected":false},"excerpt":{"rendered":"<p>EDITAL, publicado em 09\/05\/2025 \u00e0s 15:52h. CLASSIFICA\u00c7\u00c3O, publicado em 16\/05\/2025 \u00e0s 14:40h. CONVOCA\u00c7\u00c3O, publicado em 29\/01\/2026 \u00e0s 12:20h. CONVOCA\u00c7\u00c3O, publicado em 26\/03\/2026 \u00e0s 15:26h.<\/p>\n","protected":false},"author":3,"featured_media":4366,"comment_status":"closed","ping_status":"closed","sticky":false,"template":"","format":"standard","meta":{"footnotes":"","_links_to":"","_links_to_target":""},"categories":[140],"tags":[],"class_list":{"0":"post-23709","1":"post","2":"type-post","3":"status-publish","4":"format-standard","5":"has-post-thumbnail","7":"category-concursos-e-processos-seletivos-2025"},"_links":{"self":[{"href":"https:\/\/coronelxavierchaves.mg.gov.br\/prefeitura\/wp-json\/wp\/v2\/posts\/23709","targetHints":{"allow":["GET"]}}],"collection":[{"href":"https:\/\/coronelxavierchaves.mg.gov.br\/prefeitura\/wp-json\/wp\/v2\/posts"}],"about":[{"href":"https:\/\/coronelxavierchaves.mg.gov.br\/prefeitura\/wp-json\/wp\/v2\/types\/post"}],"author":[{"embeddable":true,"href":"https:\/\/coronelxavierchaves.mg.gov.br\/prefeitura\/wp-json\/wp\/v2\/users\/3"}],"replies":[{"embeddable":true,"href":"https:\/\/coronelxavierchaves.mg.gov.br\/prefeitura\/wp-json\/wp\/v2\/comments?post=23709"}],"version-history":[{"count":6,"href":"https:\/\/coronelxavierchaves.mg.gov.br\/prefeitura\/wp-json\/wp\/v2\/posts\/23709\/revisions"}],"predecessor-version":[{"id":27196,"href":"https:\/\/coronelxavierchaves.mg.gov.br\/prefeitura\/wp-json\/wp\/v2\/posts\/23709\/revisions\/27196"}],"wp:featuredmedia":[{"embeddable":true,"href":"https:\/\/coronelxavierchaves.mg.gov.br\/prefeitura\/wp-json\/wp\/v2\/media\/4366"}],"wp:attachment":[{"href":"https:\/\/coronelxavierchaves.mg.gov.br\/prefeitura\/wp-json\/wp\/v2\/media?parent=23709"}],"wp:term":[{"taxonomy":"category","embeddable":true,"href":"https:\/\/coronelxavierchaves.mg.gov.br\/prefeitura\/wp-json\/wp\/v2\/categories?post=23709"},{"taxonomy":"post_tag","embeddable":true,"href":"https:\/\/coronelxavierchaves.mg.gov.br\/prefeitura\/wp-json\/wp\/v2\/tags?post=23709"}],"curies":[{"name":"wp","href":"https:\/\/api.w.org\/{rel}","templated":true}]}}