{"id":23730,"date":"2025-05-12T15:28:43","date_gmt":"2025-05-12T18:28:43","guid":{"rendered":"https:\/\/coronelxavierchaves.mg.gov.br\/prefeitura\/?p=23730"},"modified":"2025-05-12T15:28:43","modified_gmt":"2025-05-12T18:28:43","slug":"2a-errata-e-2o-edital-retificado-pl-54-2025-registro-de-precos-para-aquisicao-de-moveis-brinquedos-eletrodomesticos-e-itens-afins-com-o-objetivo-de-atender-as-necessidades-da-camara-municipal","status":"publish","type":"post","link":"https:\/\/coronelxavierchaves.mg.gov.br\/prefeitura\/2025\/05\/12\/2a-errata-e-2o-edital-retificado-pl-54-2025-registro-de-precos-para-aquisicao-de-moveis-brinquedos-eletrodomesticos-e-itens-afins-com-o-objetivo-de-atender-as-necessidades-da-camara-municipal\/","title":{"rendered":"[2\u00aa Errata e 2\u00ba Edital retificado] (PL 54\/2025) &#8211; Registro De Pre\u00e7os Para Aquisi\u00e7\u00e3o De M\u00f3veis, Brinquedos, Eletrodom\u00e9sticos E Itens Afins, Com O Objetivo De Atender \u00c0s Necessidades Da C\u00e2mara Municipal&#8230;"},"content":{"rendered":"<blockquote><p>DOWNLOADS<\/p><\/blockquote>\n<ul>\n<li><a href=\"https:\/\/coronelxavierchaves.mg.gov.br\/prefeitura\/wp-content\/uploads\/2025\/05\/ERRATA-2-54-2025.pdf\">ERRATA N\u00ba 2<\/a>, publicado em 12\/05\/2025 \u00e0s 15:28h.<\/li>\n<li><a href=\"https:\/\/coronelxavierchaves.mg.gov.br\/prefeitura\/wp-content\/uploads\/2025\/05\/EDITAL-RETIFICADO-2-54-2025.pdf\">EDITAL RETIFICADO 2<\/a>, publicado em 12\/05\/2025 \u00e0s 15:28h.<\/li>\n<\/ul>\n<p>&nbsp;<\/p>\n<p style=\"text-align: center;\"><strong>AVISO DE RETIFICA\u00c7\u00c3O<\/strong><\/p>\n<p style=\"text-align: justify;\">Prefeitura Municipal de Coronel Xavier Chaves\/MG. Aviso de Licita\u00e7\u00e3o &#8211; Processo Licitat\u00f3rio \u2013\u00a054\/2025, Preg\u00e3o Eletr\u00f4nico \u2013 24\/2025, do tipo\u00a0<u>Menor Pre\u00e7o por Lote.\u00a0<\/u>Objeto:\u00a0<strong>REGISTRO DE PRE\u00c7OS PARA AQUISI\u00c7\u00c3O DE M\u00d3VEIS, BRINQUEDOS, ELETRODOM\u00c9STICOS E ITENS AFINS, COM O OBJETIVO DE ATENDER \u00c0S NECESSIDADES DA C\u00c2MARA MUNICIPAL E DAS SECRETARIAS DA PREFEITURA DE CORONEL XAVIER CHAVES\/MG.<\/strong>\u00a0Limite de acolhimento das propostas: dia 27\/05\/2025\u00a0\u00e0s 07h59min.\u00a0<strong>DISPUTA: 27\/05\/2025, \u00e0s 08h30min, na Plataforma LICITAPP<\/strong>,\u00a0<a href=\"https:\/\/coronelxavierchaves.licitapp.com.br\/\">https:\/\/coronelxavierchaves.licitapp.com.br\/\/<\/a>. A errata n\u00ba 02 e o\u00a0edital retificado n\u00ba 02 est\u00e3o\u00a0dispon\u00edveis no site\u00a0\u201c<a href=\"http:\/\/www.coronelxavierchaves.mg.gov.br\/\">www.coronelxavierchaves.mg.gov.br<\/a>&#8220;, mais informa\u00e7\u00f5es\u00a0na prefeitura municipal \u00e0 Rua Padre Reis, 84, Centro, Coronel Xavier Chaves\/MG, no hor\u00e1rio de 08h00min \u00e0s 12h00min e de 13h00min \u00e0s 16h00min. Tel.:\u00a0<a href=\"tel:%2832%29%203357-1235\">(32) 3216-1053<\/a>\/ (32) 9 9199-6496 (<em>Whatsapp<\/em>). Coronel Xavier Chaves, 12 de maio de\u00a02025. Juliana Jaques Camargos \u2013 Pregoeira.<\/p>\n<p style=\"text-align: center;\"><strong><u>EDITAL RETIFICADO<\/u><\/strong><\/p>\n<p style=\"text-align: justify;\">A Prefeitura Municipal de Coronel Xavier Chaves\/MG, atrav\u00e9s da sua Agente de Contrata\u00e7\u00e3o<br \/>\nJuliana Jaques Camargos e equipe de apoio, nomeados pela Portaria no 3.746 de 02 de janeiro de 2025, torna p\u00fablico para conhecimento dos interessados, que foram realizadas altera\u00e7\u00f5es no Processo Licitat\u00f3rio no 54\/2025, Preg\u00e3o Eletr\u00f4nico no 24\/2025, Menor pre\u00e7o por Lote. Objeto: REGISTRO DE PRE\u00c7OS PARA AQUISI\u00c7\u00c3O DE M\u00d3VEIS, BRINQUEDOS, ELETRODOM\u00c9STICOS E ITENS AFINS, COM O OBJETIVO DE ATENDER \u00c0S NECESSIDADES DA C\u00c2MARA MUNICIPAL E DAS SECRETARIAS DA PREFEITURA DE CORONEL XAVIER CHAVES\/MG.<\/p>\n<div>\n<div style=\"text-align: justify;\">\n<div style=\"text-align: justify;\">\n<div><\/div>\n<\/div>\n<\/div>\n<\/div>\n<div><\/div>\n<div class=\"printshowonly\">\n<p>*<b>PUBLICA\u00c7\u00c3O<\/b><\/p>\n<ul>\n<li>Um destaque desta publica\u00e7\u00e3o foi gerado na p\u00e1gina inicial do site, dispon\u00edvel at\u00e9 que demais publica\u00e7\u00f5es sejam realizadas.<\/li>\n<li>Uma publica\u00e7\u00e3o permanente foi feita na p\u00e1gina de Editais e Licita\u00e7\u00f5es.<\/li>\n<li>Link para acesso:\u00a0http:\/\/coronelxavierchaves.mg.gov.br\/prefeitura\/wp-json\/wp\/v2\/posts\/23730<\/li>\n<\/ul>\n<\/div>\n","protected":false},"excerpt":{"rendered":"<p>DOWNLOADS ERRATA N\u00ba 2, publicado em 12\/05\/2025 \u00e0s 15:28h. EDITAL RETIFICADO 2, publicado em 12\/05\/2025 \u00e0s 15:28h. &nbsp; AVISO DE RETIFICA\u00c7\u00c3O Prefeitura Municipal de Coronel Xavier Chaves\/MG. Aviso de Licita\u00e7\u00e3o &#8211; Processo Licitat\u00f3rio \u2013\u00a054\/2025, Preg\u00e3o Eletr\u00f4nico \u2013 24\/2025, do tipo\u00a0Menor Pre\u00e7o por Lote.\u00a0Objeto:\u00a0REGISTRO DE PRE\u00c7OS PARA AQUISI\u00c7\u00c3O DE M\u00d3VEIS, BRINQUEDOS, ELETRODOM\u00c9STICOS E ITENS AFINS, COM [&hellip;]<\/p>\n","protected":false},"author":3,"featured_media":4367,"comment_status":"closed","ping_status":"closed","sticky":false,"template":"","format":"standard","meta":{"footnotes":"","_links_to":"","_links_to_target":""},"categories":[141],"tags":[],"class_list":{"0":"post-23730","1":"post","2":"type-post","3":"status-publish","4":"format-standard","5":"has-post-thumbnail","7":"category-outras-publicacoes-2025"},"_links":{"self":[{"href":"https:\/\/coronelxavierchaves.mg.gov.br\/prefeitura\/wp-json\/wp\/v2\/posts\/23730","targetHints":{"allow":["GET"]}}],"collection":[{"href":"https:\/\/coronelxavierchaves.mg.gov.br\/prefeitura\/wp-json\/wp\/v2\/posts"}],"about":[{"href":"https:\/\/coronelxavierchaves.mg.gov.br\/prefeitura\/wp-json\/wp\/v2\/types\/post"}],"author":[{"embeddable":true,"href":"https:\/\/coronelxavierchaves.mg.gov.br\/prefeitura\/wp-json\/wp\/v2\/users\/3"}],"replies":[{"embeddable":true,"href":"https:\/\/coronelxavierchaves.mg.gov.br\/prefeitura\/wp-json\/wp\/v2\/comments?post=23730"}],"version-history":[{"count":1,"href":"https:\/\/coronelxavierchaves.mg.gov.br\/prefeitura\/wp-json\/wp\/v2\/posts\/23730\/revisions"}],"predecessor-version":[{"id":23733,"href":"https:\/\/coronelxavierchaves.mg.gov.br\/prefeitura\/wp-json\/wp\/v2\/posts\/23730\/revisions\/23733"}],"wp:featuredmedia":[{"embeddable":true,"href":"https:\/\/coronelxavierchaves.mg.gov.br\/prefeitura\/wp-json\/wp\/v2\/media\/4367"}],"wp:attachment":[{"href":"https:\/\/coronelxavierchaves.mg.gov.br\/prefeitura\/wp-json\/wp\/v2\/media?parent=23730"}],"wp:term":[{"taxonomy":"category","embeddable":true,"href":"https:\/\/coronelxavierchaves.mg.gov.br\/prefeitura\/wp-json\/wp\/v2\/categories?post=23730"},{"taxonomy":"post_tag","embeddable":true,"href":"https:\/\/coronelxavierchaves.mg.gov.br\/prefeitura\/wp-json\/wp\/v2\/tags?post=23730"}],"curies":[{"name":"wp","href":"https:\/\/api.w.org\/{rel}","templated":true}]}}