{"id":23786,"date":"2025-05-16T15:48:07","date_gmt":"2025-05-16T18:48:07","guid":{"rendered":"https:\/\/coronelxavierchaves.mg.gov.br\/prefeitura\/?p=23786"},"modified":"2025-05-16T15:48:07","modified_gmt":"2025-05-16T18:48:07","slug":"1o-termo-aditivo-a-ata-de-registro-de-preco-pl-61-2024-registro-de-precos-para-locacao-de-caminhao-munck-com-cesto-aereo-para-realizar-servicos-em-alturas-elevadas","status":"publish","type":"post","link":"https:\/\/coronelxavierchaves.mg.gov.br\/prefeitura\/2025\/05\/16\/1o-termo-aditivo-a-ata-de-registro-de-preco-pl-61-2024-registro-de-precos-para-locacao-de-caminhao-munck-com-cesto-aereo-para-realizar-servicos-em-alturas-elevadas\/","title":{"rendered":"1\u00ba Termo Aditivo \u00e0 Ata de Registro de Pre\u00e7o (PL 61\/2024) &#8211; Registro de pre\u00e7os para loca\u00e7\u00e3o de caminh\u00e3o munck com cesto a\u00e9reo, para realizar servi\u00e7os em alturas elevadas&#8230;"},"content":{"rendered":"<blockquote><p>DOWNLOADS<\/p><\/blockquote>\n<ul>\n<li><a href=\"https:\/\/coronelxavierchaves.mg.gov.br\/prefeitura\/wp-content\/uploads\/2025\/05\/1o-TA-ARP-CALMAN-61-2024.pdf\">1\u00ba TERMO ADITIVO \u00c0 ATA DE REGISTRO DE PRE\u00c7OS<\/a>, publicado em 16\/05\/2025 \u00e0s 15:48h.<\/li>\n<\/ul>\n<blockquote><p>OBJETO<\/p><\/blockquote>\n<div style=\"text-align: justify;\">\n<div style=\"text-align: justify;\">\n<p><b>REGISTRO DE PRE\u00c7OS PARA LOCA\u00c7\u00c3O DE CAMINH\u00c3O MUNCK COM CESTO A\u00c9REO, PARA REALIZAR SERVI\u00c7OS EM ALTURAS ELEVADAS, COMO A PODA DE \u00c1RVORES E A MANUTEN\u00c7\u00c3O DE REFLETORES NAS PRA\u00c7AS DE ESPORTES DO MUNIC\u00cdPIO (REPETI\u00c7\u00c3O).<\/b><\/p>\n<p>&nbsp;<\/p>\n<\/div>\n<\/div>\n<div class=\"printshowonly\">\n<p>*<b>PUBLICA\u00c7\u00c3O<\/b><\/p>\n<ul>\n<li>Um destaque desta publica\u00e7\u00e3o foi gerado na p\u00e1gina inicial do site, dispon\u00edvel at\u00e9 que demais publica\u00e7\u00f5es sejam realizadas.<\/li>\n<li>Uma publica\u00e7\u00e3o permanente foi feita na p\u00e1gina de Editais e Licita\u00e7\u00f5es.<\/li>\n<li>Link para acesso:http:\/\/coronelxavierchaves.mg.gov.br\/prefeitura\/wp-json\/wp\/v2\/posts\/23786<\/li>\n<\/ul>\n<\/div>\n","protected":false},"excerpt":{"rendered":"<p>DOWNLOADS 1\u00ba TERMO ADITIVO \u00c0 ATA DE REGISTRO DE PRE\u00c7OS, publicado em 16\/05\/2025 \u00e0s 15:48h. OBJETO REGISTRO DE PRE\u00c7OS PARA LOCA\u00c7\u00c3O DE CAMINH\u00c3O MUNCK COM CESTO A\u00c9REO, PARA REALIZAR SERVI\u00c7OS EM ALTURAS ELEVADAS, COMO A PODA DE \u00c1RVORES E A MANUTEN\u00c7\u00c3O DE REFLETORES NAS PRA\u00c7AS DE ESPORTES DO MUNIC\u00cdPIO (REPETI\u00c7\u00c3O). &nbsp; *PUBLICA\u00c7\u00c3O Um destaque desta [&hellip;]<\/p>\n","protected":false},"author":3,"featured_media":4367,"comment_status":"closed","ping_status":"closed","sticky":false,"template":"","format":"standard","meta":{"footnotes":"","_links_to":"","_links_to_target":""},"categories":[139],"tags":[],"class_list":{"0":"post-23786","1":"post","2":"type-post","3":"status-publish","4":"format-standard","5":"has-post-thumbnail","7":"category-contratos-aditivos-atas-e-outros-2025"},"_links":{"self":[{"href":"https:\/\/coronelxavierchaves.mg.gov.br\/prefeitura\/wp-json\/wp\/v2\/posts\/23786","targetHints":{"allow":["GET"]}}],"collection":[{"href":"https:\/\/coronelxavierchaves.mg.gov.br\/prefeitura\/wp-json\/wp\/v2\/posts"}],"about":[{"href":"https:\/\/coronelxavierchaves.mg.gov.br\/prefeitura\/wp-json\/wp\/v2\/types\/post"}],"author":[{"embeddable":true,"href":"https:\/\/coronelxavierchaves.mg.gov.br\/prefeitura\/wp-json\/wp\/v2\/users\/3"}],"replies":[{"embeddable":true,"href":"https:\/\/coronelxavierchaves.mg.gov.br\/prefeitura\/wp-json\/wp\/v2\/comments?post=23786"}],"version-history":[{"count":2,"href":"https:\/\/coronelxavierchaves.mg.gov.br\/prefeitura\/wp-json\/wp\/v2\/posts\/23786\/revisions"}],"predecessor-version":[{"id":23790,"href":"https:\/\/coronelxavierchaves.mg.gov.br\/prefeitura\/wp-json\/wp\/v2\/posts\/23786\/revisions\/23790"}],"wp:featuredmedia":[{"embeddable":true,"href":"https:\/\/coronelxavierchaves.mg.gov.br\/prefeitura\/wp-json\/wp\/v2\/media\/4367"}],"wp:attachment":[{"href":"https:\/\/coronelxavierchaves.mg.gov.br\/prefeitura\/wp-json\/wp\/v2\/media?parent=23786"}],"wp:term":[{"taxonomy":"category","embeddable":true,"href":"https:\/\/coronelxavierchaves.mg.gov.br\/prefeitura\/wp-json\/wp\/v2\/categories?post=23786"},{"taxonomy":"post_tag","embeddable":true,"href":"https:\/\/coronelxavierchaves.mg.gov.br\/prefeitura\/wp-json\/wp\/v2\/tags?post=23786"}],"curies":[{"name":"wp","href":"https:\/\/api.w.org\/{rel}","templated":true}]}}