{"id":23949,"date":"2025-05-26T08:05:12","date_gmt":"2025-05-26T11:05:12","guid":{"rendered":"https:\/\/coronelxavierchaves.mg.gov.br\/prefeitura\/?p=23949"},"modified":"2025-07-21T12:25:40","modified_gmt":"2025-07-21T15:25:40","slug":"autorizacao-pa-60-2025-contratacao-de-empresa-especializada-na-realizacao-de-palestra-motivacional-que-disponha-de-profissional-devidamente-habilitado","status":"publish","type":"post","link":"https:\/\/coronelxavierchaves.mg.gov.br\/prefeitura\/2025\/05\/26\/autorizacao-pa-60-2025-contratacao-de-empresa-especializada-na-realizacao-de-palestra-motivacional-que-disponha-de-profissional-devidamente-habilitado\/","title":{"rendered":"Autoriza\u00e7\u00e3o (PA 60\/2025) &#8211; Contrata\u00e7\u00e3o de empresa especializada na realiza\u00e7\u00e3o de palestra motivacional, que disponha de profissional devidamente habilitado&#8230;"},"content":{"rendered":"<blockquote><p>DOWNLOADS<\/p><\/blockquote>\n<ul>\n<li><a href=\"https:\/\/coronelxavierchaves.mg.gov.br\/prefeitura\/wp-content\/uploads\/2025\/05\/AUTORIZACAO-60-2025.pdf\">AUTORIZA\u00c7\u00c3O<\/a>, publicado em 26\/05\/2025 \u00e0s 08:05h.<\/li>\n<li><a href=\"https:\/\/coronelxavierchaves.mg.gov.br\/prefeitura\/wp-content\/uploads\/2025\/06\/CONTRATO-BETO-BOM-DIA-60-2025.pdf\">CONTRATO<\/a>, publicado em 17\/06\/2025 \u00e0s 15:02h.<\/li>\n<\/ul>\n<blockquote><p>OBJETO<\/p><\/blockquote>\n<div style=\"text-align: justify;\">\n<div style=\"text-align: justify;\">\n<p>CONTRATA\u00c7\u00c3O DE EMPRESA ESPECIALIZADA NA REALIZA\u00c7\u00c3O DE PALESTRA MOTIVACIONAL, QUE DISPONHA DE PROFISSIONAL DEVIDAMENTE HABILITADO E COM COMPROVADA EXPERI\u00caNCIA NA \u00c1REA DE DESENVOLVIMENTO HUMANO, EDUCA\u00c7\u00c3O E MOTIVA\u00c7\u00c3O PROFISSIONAL, PARA MINISTRAR PALESTRA VOLTADA AOS SERVIDORES DA REDE MUNICIPAL DE ENSINO, COMO PARTE DAS A\u00c7\u00d5ES DE FORMA\u00c7\u00c3O CONTINUADA E VALORIZA\u00c7\u00c3O FUNCIONAL PROMOVIDAS PELA SECRETARIA MUNICIPAL DE EDUCA\u00c7\u00c3O DE CORONEL XAVIER CHAVES\/MG.<\/p>\n<\/div>\n<div>\n<p>&nbsp;<\/p>\n<div>\n<p>*<b>PUBLICA\u00c7\u00c3O<\/b><\/p>\n<ul>\n<li>Um destaque desta publica\u00e7\u00e3o foi gerado na p\u00e1gina inicial do site, dispon\u00edvel at\u00e9 que demais publica\u00e7\u00f5es sejam realizadas.<\/li>\n<li>Uma publica\u00e7\u00e3o permanente foi feita na p\u00e1gina de Editais e Licita\u00e7\u00f5es.<\/li>\n<\/ul>\n<\/div>\n<\/div>\n<\/div>\n","protected":false},"excerpt":{"rendered":"<p>DOWNLOADS AUTORIZA\u00c7\u00c3O, publicado em 26\/05\/2025 \u00e0s 08:05h. CONTRATO, publicado em 17\/06\/2025 \u00e0s 15:02h. OBJETO CONTRATA\u00c7\u00c3O DE EMPRESA ESPECIALIZADA NA REALIZA\u00c7\u00c3O DE PALESTRA MOTIVACIONAL, QUE DISPONHA DE PROFISSIONAL DEVIDAMENTE HABILITADO E COM COMPROVADA EXPERI\u00caNCIA NA \u00c1REA DE DESENVOLVIMENTO HUMANO, EDUCA\u00c7\u00c3O E MOTIVA\u00c7\u00c3O PROFISSIONAL, PARA MINISTRAR PALESTRA VOLTADA AOS SERVIDORES DA REDE MUNICIPAL DE ENSINO, COMO PARTE [&hellip;]<\/p>\n","protected":false},"author":3,"featured_media":4367,"comment_status":"closed","ping_status":"closed","sticky":false,"template":"","format":"standard","meta":{"footnotes":"","_links_to":"","_links_to_target":""},"categories":[135],"tags":[],"class_list":{"0":"post-23949","1":"post","2":"type-post","3":"status-publish","4":"format-standard","5":"has-post-thumbnail","7":"category-editais-de-licitacao-2025"},"_links":{"self":[{"href":"https:\/\/coronelxavierchaves.mg.gov.br\/prefeitura\/wp-json\/wp\/v2\/posts\/23949","targetHints":{"allow":["GET"]}}],"collection":[{"href":"https:\/\/coronelxavierchaves.mg.gov.br\/prefeitura\/wp-json\/wp\/v2\/posts"}],"about":[{"href":"https:\/\/coronelxavierchaves.mg.gov.br\/prefeitura\/wp-json\/wp\/v2\/types\/post"}],"author":[{"embeddable":true,"href":"https:\/\/coronelxavierchaves.mg.gov.br\/prefeitura\/wp-json\/wp\/v2\/users\/3"}],"replies":[{"embeddable":true,"href":"https:\/\/coronelxavierchaves.mg.gov.br\/prefeitura\/wp-json\/wp\/v2\/comments?post=23949"}],"version-history":[{"count":3,"href":"https:\/\/coronelxavierchaves.mg.gov.br\/prefeitura\/wp-json\/wp\/v2\/posts\/23949\/revisions"}],"predecessor-version":[{"id":24169,"href":"https:\/\/coronelxavierchaves.mg.gov.br\/prefeitura\/wp-json\/wp\/v2\/posts\/23949\/revisions\/24169"}],"wp:featuredmedia":[{"embeddable":true,"href":"https:\/\/coronelxavierchaves.mg.gov.br\/prefeitura\/wp-json\/wp\/v2\/media\/4367"}],"wp:attachment":[{"href":"https:\/\/coronelxavierchaves.mg.gov.br\/prefeitura\/wp-json\/wp\/v2\/media?parent=23949"}],"wp:term":[{"taxonomy":"category","embeddable":true,"href":"https:\/\/coronelxavierchaves.mg.gov.br\/prefeitura\/wp-json\/wp\/v2\/categories?post=23949"},{"taxonomy":"post_tag","embeddable":true,"href":"https:\/\/coronelxavierchaves.mg.gov.br\/prefeitura\/wp-json\/wp\/v2\/tags?post=23949"}],"curies":[{"name":"wp","href":"https:\/\/api.w.org\/{rel}","templated":true}]}}