{"id":23997,"date":"2025-06-03T15:41:22","date_gmt":"2025-06-03T18:41:22","guid":{"rendered":"https:\/\/coronelxavierchaves.mg.gov.br\/prefeitura\/?p=23997"},"modified":"2025-07-21T15:40:55","modified_gmt":"2025-07-21T18:40:55","slug":"autorizacao-pa-63-2025-contratacao-do-show-artistico-da-dupla-bruno-rafa-para-realizacao-de-apresentacao-durante-a-33a-exposicao-agropecuaria-e-41o-concurso-leiteiro-de-morfologia","status":"publish","type":"post","link":"https:\/\/coronelxavierchaves.mg.gov.br\/prefeitura\/2025\/06\/03\/autorizacao-pa-63-2025-contratacao-do-show-artistico-da-dupla-bruno-rafa-para-realizacao-de-apresentacao-durante-a-33a-exposicao-agropecuaria-e-41o-concurso-leiteiro-de-morfologia\/","title":{"rendered":"Autoriza\u00e7\u00e3o (PA 63\/2025) &#8211; Contrata\u00e7\u00e3o do show art\u00edstico da dupla Bruno &#038; Rafa, para realiza\u00e7\u00e3o de apresenta\u00e7\u00e3o durante a 33\u00aa Exposi\u00e7\u00e3o Agropecu\u00e1ria e 41\u00ba Concurso Leiteiro de Morfologia"},"content":{"rendered":"<blockquote><p>DOWNLOADS<\/p><\/blockquote>\n<ul>\n<li><a href=\"https:\/\/coronelxavierchaves.mg.gov.br\/prefeitura\/wp-content\/uploads\/2025\/06\/AUTORIZACAO-63-2025.pdf\">AUTORIZA\u00c7\u00c3O<\/a>, publicado em 03\/06\/2025 \u00e0s 15:41h.<\/li>\n<li><a href=\"https:\/\/coronelxavierchaves.mg.gov.br\/prefeitura\/wp-content\/uploads\/2025\/06\/CONTRATO-63-2025.pdf\">CONTRATO<\/a>, publicado em 21\/07\/2025 \u00e0s 15:40h.<\/li>\n<\/ul>\n<blockquote><p>OBJETO<\/p><\/blockquote>\n<div style=\"text-align: justify;\">\n<div style=\"text-align: justify;\">\n<p style=\"font-weight: 400;\"><strong>CONTRATA\u00c7\u00c3O DO SHOW ART\u00cdSTICO DA DUPLA BRUNO &amp; RAFA, POR MEIO DE SEU EMPRES\u00c1RIO EXCLUSIVO E REPRESENTADA PELA EMPRESA B &amp; R PRODUCOES ARTISTICAS LTDA, INSCRITA NO CNPJ N\u00ba 47.947.136\/0001-77, PARA REALIZA\u00c7\u00c3O DE APRESENTA\u00c7\u00c3O DURANTE A 33\u00aa EXPOSI\u00c7\u00c3O AGROPECU\u00c1RIA E 41\u00ba CONCURSO LEITEIRO DE MORFOLOGIA DE CORONEL XAVIER CHAVES, QUE OCORRER\u00c1 NO PARQUE DE EXPOSI\u00c7\u00d5ES JO\u00c3O BATISTA ASSUN\u00c7\u00c3O, NA DATA DE 26 DE JUNHO DE 2025.<\/strong><\/p>\n<\/div>\n<div>\n<p>&nbsp;<\/p>\n<div>\n<p>*<b>PUBLICA\u00c7\u00c3O<\/b><\/p>\n<ul>\n<li>Um destaque desta publica\u00e7\u00e3o foi gerado na p\u00e1gina inicial do site, dispon\u00edvel at\u00e9 que demais publica\u00e7\u00f5es sejam realizadas.<\/li>\n<li>Uma publica\u00e7\u00e3o permanente foi feita na p\u00e1gina de Editais e Licita\u00e7\u00f5es.<\/li>\n<\/ul>\n<\/div>\n<\/div>\n<\/div>\n","protected":false},"excerpt":{"rendered":"<p>DOWNLOADS AUTORIZA\u00c7\u00c3O, publicado em 03\/06\/2025 \u00e0s 15:41h. CONTRATO, publicado em 21\/07\/2025 \u00e0s 15:40h. OBJETO CONTRATA\u00c7\u00c3O DO SHOW ART\u00cdSTICO DA DUPLA BRUNO &amp; RAFA, POR MEIO DE SEU EMPRES\u00c1RIO EXCLUSIVO E REPRESENTADA PELA EMPRESA B &amp; R PRODUCOES ARTISTICAS LTDA, INSCRITA NO CNPJ N\u00ba 47.947.136\/0001-77, PARA REALIZA\u00c7\u00c3O DE APRESENTA\u00c7\u00c3O DURANTE A 33\u00aa EXPOSI\u00c7\u00c3O AGROPECU\u00c1RIA E 41\u00ba [&hellip;]<\/p>\n","protected":false},"author":3,"featured_media":4367,"comment_status":"closed","ping_status":"closed","sticky":false,"template":"","format":"standard","meta":{"footnotes":"","_links_to":"","_links_to_target":""},"categories":[135],"tags":[],"class_list":{"0":"post-23997","1":"post","2":"type-post","3":"status-publish","4":"format-standard","5":"has-post-thumbnail","7":"category-editais-de-licitacao-2025"},"_links":{"self":[{"href":"https:\/\/coronelxavierchaves.mg.gov.br\/prefeitura\/wp-json\/wp\/v2\/posts\/23997","targetHints":{"allow":["GET"]}}],"collection":[{"href":"https:\/\/coronelxavierchaves.mg.gov.br\/prefeitura\/wp-json\/wp\/v2\/posts"}],"about":[{"href":"https:\/\/coronelxavierchaves.mg.gov.br\/prefeitura\/wp-json\/wp\/v2\/types\/post"}],"author":[{"embeddable":true,"href":"https:\/\/coronelxavierchaves.mg.gov.br\/prefeitura\/wp-json\/wp\/v2\/users\/3"}],"replies":[{"embeddable":true,"href":"https:\/\/coronelxavierchaves.mg.gov.br\/prefeitura\/wp-json\/wp\/v2\/comments?post=23997"}],"version-history":[{"count":4,"href":"https:\/\/coronelxavierchaves.mg.gov.br\/prefeitura\/wp-json\/wp\/v2\/posts\/23997\/revisions"}],"predecessor-version":[{"id":24561,"href":"https:\/\/coronelxavierchaves.mg.gov.br\/prefeitura\/wp-json\/wp\/v2\/posts\/23997\/revisions\/24561"}],"wp:featuredmedia":[{"embeddable":true,"href":"https:\/\/coronelxavierchaves.mg.gov.br\/prefeitura\/wp-json\/wp\/v2\/media\/4367"}],"wp:attachment":[{"href":"https:\/\/coronelxavierchaves.mg.gov.br\/prefeitura\/wp-json\/wp\/v2\/media?parent=23997"}],"wp:term":[{"taxonomy":"category","embeddable":true,"href":"https:\/\/coronelxavierchaves.mg.gov.br\/prefeitura\/wp-json\/wp\/v2\/categories?post=23997"},{"taxonomy":"post_tag","embeddable":true,"href":"https:\/\/coronelxavierchaves.mg.gov.br\/prefeitura\/wp-json\/wp\/v2\/tags?post=23997"}],"curies":[{"name":"wp","href":"https:\/\/api.w.org\/{rel}","templated":true}]}}