{"id":24001,"date":"2025-06-04T10:41:23","date_gmt":"2025-06-04T13:41:23","guid":{"rendered":"https:\/\/coronelxavierchaves.mg.gov.br\/prefeitura\/?p=24001"},"modified":"2025-06-04T10:42:30","modified_gmt":"2025-06-04T13:42:30","slug":"errata-e-edital-retificado-pl-61-2025-permissao-onerosa-de-uso-de-espaco-publico-para-comercio-de-bebidas-e-generos-alimenticios-artesanato-souvenirs-brinquedos-e-outros-durante-a-33a-exposi","status":"publish","type":"post","link":"https:\/\/coronelxavierchaves.mg.gov.br\/prefeitura\/2025\/06\/04\/errata-e-edital-retificado-pl-61-2025-permissao-onerosa-de-uso-de-espaco-publico-para-comercio-de-bebidas-e-generos-alimenticios-artesanato-souvenirs-brinquedos-e-outros-durante-a-33a-exposi\/","title":{"rendered":"[Errata e Edital retificado] (PL 61\/2025) &#8211; Permiss\u00e3o onerosa de uso de espa\u00e7o p\u00fablico para com\u00e9rcio de bebidas e g\u00eaneros aliment\u00edcios, artesanato, souvenirs, brinquedos e outros, durante a 33\u00aa exposi\u00e7\u00e3o agropecu\u00e1ria e 41\u00ba concurso leiteiro&#8230;"},"content":{"rendered":"<blockquote><p>DOWNLOADS<\/p><\/blockquote>\n<ul>\n<li><a href=\"https:\/\/coronelxavierchaves.mg.gov.br\/prefeitura\/wp-content\/uploads\/2025\/06\/ERRATA-61-2025.pdf\">ERRATA<\/a>, publicado em 04\/06\/2025 \u00e0s 10:41h.<\/li>\n<li><a href=\"https:\/\/coronelxavierchaves.mg.gov.br\/prefeitura\/wp-content\/uploads\/2025\/06\/EDITAL-RETIFICADO-61-2025.pdf\">EDITAL RETIFICADO<\/a>, publicado em 04\/06\/2025 \u00e0s 10:41h.<\/li>\n<\/ul>\n<p>&nbsp;<\/p>\n<p style=\"text-align: center;\"><strong><u>EDITAL RETIFICADO<\/u><\/strong><\/p>\n<p style=\"text-align: justify;\">PERMISS\u00c3O ONEROSA DE USO DE ESPA\u00c7O P\u00daBLICO PARA COM\u00c9RCIO DE BEBIDAS E G\u00caNEROS ALIMENT\u00cdCIOS, ARTESANATO, SOUVENIRS, BRINQUEDOS E OUTROS, DURANTE A 33\u00aa EXPOSI\u00c7\u00c3O AGROPECU\u00c1RIA E 41\u00ba CONCURSO LEITEIRO DE MORFOLOGIA DE CORONEL XAVIER CHAVES, NO PARQUE DE EXPOSI\u00c7\u00d5ES JO\u00c3O BATISTA ASSUN\u00c7\u00c3O, NO PER\u00cdODO DE 26\/06\/2025 \u00c0 29\/06\/2025.<\/p>\n<div>\n<div style=\"text-align: justify;\">\n<div style=\"text-align: justify;\">\n<div><\/div>\n<\/div>\n<\/div>\n<\/div>\n<div><\/div>\n<div class=\"printshowonly\">\n<p>*<b>PUBLICA\u00c7\u00c3O<\/b><\/p>\n<ul>\n<li>Um destaque desta publica\u00e7\u00e3o foi gerado na p\u00e1gina inicial do site, dispon\u00edvel at\u00e9 que demais publica\u00e7\u00f5es sejam realizadas.<\/li>\n<li>Uma publica\u00e7\u00e3o permanente foi feita na p\u00e1gina de Editais e Licita\u00e7\u00f5es.<\/li>\n<li>Link para acesso:\u00a0http:\/\/coronelxavierchaves.mg.gov.br\/prefeitura\/wp-json\/wp\/v2\/posts\/24001<\/li>\n<\/ul>\n<\/div>\n","protected":false},"excerpt":{"rendered":"<p>DOWNLOADS ERRATA, publicado em 04\/06\/2025 \u00e0s 10:41h. EDITAL RETIFICADO, publicado em 04\/06\/2025 \u00e0s 10:41h. &nbsp; EDITAL RETIFICADO PERMISS\u00c3O ONEROSA DE USO DE ESPA\u00c7O P\u00daBLICO PARA COM\u00c9RCIO DE BEBIDAS E G\u00caNEROS ALIMENT\u00cdCIOS, ARTESANATO, SOUVENIRS, BRINQUEDOS E OUTROS, DURANTE A 33\u00aa EXPOSI\u00c7\u00c3O AGROPECU\u00c1RIA E 41\u00ba CONCURSO LEITEIRO DE MORFOLOGIA DE CORONEL XAVIER CHAVES, NO PARQUE DE EXPOSI\u00c7\u00d5ES [&hellip;]<\/p>\n","protected":false},"author":3,"featured_media":4367,"comment_status":"closed","ping_status":"closed","sticky":false,"template":"","format":"standard","meta":{"footnotes":"","_links_to":"","_links_to_target":""},"categories":[141],"tags":[],"class_list":{"0":"post-24001","1":"post","2":"type-post","3":"status-publish","4":"format-standard","5":"has-post-thumbnail","7":"category-outras-publicacoes-2025"},"_links":{"self":[{"href":"https:\/\/coronelxavierchaves.mg.gov.br\/prefeitura\/wp-json\/wp\/v2\/posts\/24001","targetHints":{"allow":["GET"]}}],"collection":[{"href":"https:\/\/coronelxavierchaves.mg.gov.br\/prefeitura\/wp-json\/wp\/v2\/posts"}],"about":[{"href":"https:\/\/coronelxavierchaves.mg.gov.br\/prefeitura\/wp-json\/wp\/v2\/types\/post"}],"author":[{"embeddable":true,"href":"https:\/\/coronelxavierchaves.mg.gov.br\/prefeitura\/wp-json\/wp\/v2\/users\/3"}],"replies":[{"embeddable":true,"href":"https:\/\/coronelxavierchaves.mg.gov.br\/prefeitura\/wp-json\/wp\/v2\/comments?post=24001"}],"version-history":[{"count":2,"href":"https:\/\/coronelxavierchaves.mg.gov.br\/prefeitura\/wp-json\/wp\/v2\/posts\/24001\/revisions"}],"predecessor-version":[{"id":24007,"href":"https:\/\/coronelxavierchaves.mg.gov.br\/prefeitura\/wp-json\/wp\/v2\/posts\/24001\/revisions\/24007"}],"wp:featuredmedia":[{"embeddable":true,"href":"https:\/\/coronelxavierchaves.mg.gov.br\/prefeitura\/wp-json\/wp\/v2\/media\/4367"}],"wp:attachment":[{"href":"https:\/\/coronelxavierchaves.mg.gov.br\/prefeitura\/wp-json\/wp\/v2\/media?parent=24001"}],"wp:term":[{"taxonomy":"category","embeddable":true,"href":"https:\/\/coronelxavierchaves.mg.gov.br\/prefeitura\/wp-json\/wp\/v2\/categories?post=24001"},{"taxonomy":"post_tag","embeddable":true,"href":"https:\/\/coronelxavierchaves.mg.gov.br\/prefeitura\/wp-json\/wp\/v2\/tags?post=24001"}],"curies":[{"name":"wp","href":"https:\/\/api.w.org\/{rel}","templated":true}]}}