{"id":24008,"date":"2025-06-04T15:43:11","date_gmt":"2025-06-04T18:43:11","guid":{"rendered":"https:\/\/coronelxavierchaves.mg.gov.br\/prefeitura\/?p=24008"},"modified":"2025-06-04T15:43:11","modified_gmt":"2025-06-04T18:43:11","slug":"errata-e-edital-retificado-pl-62-2025-contratacao-de-empresa-especializada-para-prestacao-de-servicos-de-organizacao-de-rodeio-da-33a-exposicao-agropecuaria-e-41o-concurso-leiteiro-de-morfologia","status":"publish","type":"post","link":"https:\/\/coronelxavierchaves.mg.gov.br\/prefeitura\/2025\/06\/04\/errata-e-edital-retificado-pl-62-2025-contratacao-de-empresa-especializada-para-prestacao-de-servicos-de-organizacao-de-rodeio-da-33a-exposicao-agropecuaria-e-41o-concurso-leiteiro-de-morfologia\/","title":{"rendered":"[Errata e Edital retificado] (PL 62\/2025) &#8211; Contrata\u00e7\u00e3o de empresa especializada para presta\u00e7\u00e3o de servi\u00e7os de organiza\u00e7\u00e3o de rodeio da 33\u00aa Exposi\u00e7\u00e3o Agropecu\u00e1ria e 41\u00ba Concurso Leiteiro de morfologia&#8230;"},"content":{"rendered":"<blockquote><p>DOWNLOADS<\/p><\/blockquote>\n<ul>\n<li><a href=\"https:\/\/coronelxavierchaves.mg.gov.br\/prefeitura\/wp-content\/uploads\/2025\/06\/ERRATA-62-2025.pdf\">ERRATA<\/a>, publicado em 04\/06\/2025 \u00e0s 14:43h.<\/li>\n<li><a href=\"https:\/\/coronelxavierchaves.mg.gov.br\/prefeitura\/wp-content\/uploads\/2025\/06\/EDITAL-RETIFICADO-62-2025.pdf\">EDITAL RETIFICADO<\/a>, publicado em 04\/06\/2025 \u00e0s 14:43h.<\/li>\n<\/ul>\n<p>&nbsp;<\/p>\n<p style=\"text-align: center;\"><strong><u>AVISO DE LICITA\u00c7\u00c3O RETIFICADO<\/u><\/strong><\/p>\n<p style=\"text-align: justify;\">Prefeitura Municipal de Coronel Xavier Chaves\/MG. Aviso de Licita\u00e7\u00e3o &#8211; Processo Licitat\u00f3rio \u2013 62\/2025, Preg\u00e3o Eletr\u00f4nico \u2013 27\/2025, do tipo\u00a0<u>Menor Pre\u00e7o por Item.\u00a0<\/u>Objeto:\u00a0<strong>CONTRATA\u00c7\u00c3O DE EMPRESA ESPECIALIZADA PARA PRESTA\u00c7\u00c3O DE SERVI\u00c7OS DE ORGANIZA\u00c7\u00c3O DE RODEIO DA\u00a0<\/strong><strong>33\u00aa\u00a0E<\/strong><strong>XPOSI\u00c7\u00c3O\u00a0A<\/strong><strong>GROPECU\u00c1RIA E 41\u00ba\u00a0C<\/strong><strong>ONCURSO\u00a0L<\/strong><strong>EITEIRO DE\u00a0M<\/strong><strong>ORFOLOGIA DE\u00a0C<\/strong><strong>ORONEL\u00a0X<\/strong><strong>AVIER\u00a0C<\/strong><strong>HAVES, QUE OCORRER\u00c1 NO PARQUE DE EXPOSI\u00c7\u00d5ES\u00a0J<\/strong><strong>O\u00c3O\u00a0B<\/strong><strong>ATISTA\u00a0A<\/strong><strong>SSUN\u00c7\u00c3O,\u00a0DE<\/strong><strong>\u00a026<\/strong><strong>\u00a0DE JUNHO\u00a0A 29\u00a0<\/strong><strong>DE\u00a0JUNHO DE\u00a0<\/strong><strong>2025, CONFORME TERMO DE REFER\u00caNCIA.<\/strong>\u00a0Limite de acolhimento das propostas: dia 20\/06\/2025 \u00e0s 07h59min.\u00a0<strong>DISPUTA: 20\/06\/2025, \u00e0s 08h30min, na Plataforma LICITAPP<\/strong>,\u00a0<a href=\"https:\/\/coronelxavierchaves.licitapp.com.br\/\">https:\/\/coronelxavierchaves.licitapp.com.br\/\/<\/a>.\u00a0O edital est\u00e1 dispon\u00edvel no site\u00a0\u201c<a href=\"http:\/\/www.coronelxavierchaves.mg.gov.br\/\">www.coronelxavierchaves.mg.gov.br<\/a>&#8220;, mais informa\u00e7\u00f5es\u00a0na prefeitura municipal \u00e0 Rua Padre Reis, 84, Centro, Coronel Xavier Chaves\/MG, no hor\u00e1rio de 08h00min \u00e0s 12h00min e de 13h00min \u00e0s 16h00min. Tel.:\u00a0<u><a href=\"tel:%2832%29%203357-1235\">(32) 3216-105<\/a>3<\/u>\u00a0\/ (32) 9 9199-6496 (<em>Whatsapp<\/em>). Coronel Xavier Chaves, 04 de junho de 2025. Juliana Jaques Camargos \u2013 Pregoeira.<\/p>\n<div>\n<div style=\"text-align: justify;\">\n<div style=\"text-align: justify;\">\n<div><\/div>\n<\/div>\n<\/div>\n<\/div>\n<div><\/div>\n<div class=\"printshowonly\">\n<p>*<b>PUBLICA\u00c7\u00c3O<\/b><\/p>\n<ul>\n<li>Um destaque desta publica\u00e7\u00e3o foi gerado na p\u00e1gina inicial do site, dispon\u00edvel at\u00e9 que demais publica\u00e7\u00f5es sejam realizadas.<\/li>\n<li>Uma publica\u00e7\u00e3o permanente foi feita na p\u00e1gina de Editais e Licita\u00e7\u00f5es.<\/li>\n<li>Link para acesso:\u00a0http:\/\/coronelxavierchaves.mg.gov.br\/prefeitura\/wp-json\/wp\/v2\/posts\/24008<\/li>\n<\/ul>\n<\/div>\n","protected":false},"excerpt":{"rendered":"<p>DOWNLOADS ERRATA, publicado em 04\/06\/2025 \u00e0s 14:43h. EDITAL RETIFICADO, publicado em 04\/06\/2025 \u00e0s 14:43h. &nbsp; AVISO DE LICITA\u00c7\u00c3O RETIFICADO Prefeitura Municipal de Coronel Xavier Chaves\/MG. Aviso de Licita\u00e7\u00e3o &#8211; Processo Licitat\u00f3rio \u2013 62\/2025, Preg\u00e3o Eletr\u00f4nico \u2013 27\/2025, do tipo\u00a0Menor Pre\u00e7o por Item.\u00a0Objeto:\u00a0CONTRATA\u00c7\u00c3O DE EMPRESA ESPECIALIZADA PARA PRESTA\u00c7\u00c3O DE SERVI\u00c7OS DE ORGANIZA\u00c7\u00c3O DE RODEIO DA\u00a033\u00aa\u00a0EXPOSI\u00c7\u00c3O\u00a0AGROPECU\u00c1RIA E [&hellip;]<\/p>\n","protected":false},"author":3,"featured_media":4367,"comment_status":"closed","ping_status":"closed","sticky":false,"template":"","format":"standard","meta":{"footnotes":"","_links_to":"","_links_to_target":""},"categories":[141],"tags":[],"class_list":{"0":"post-24008","1":"post","2":"type-post","3":"status-publish","4":"format-standard","5":"has-post-thumbnail","7":"category-outras-publicacoes-2025"},"_links":{"self":[{"href":"https:\/\/coronelxavierchaves.mg.gov.br\/prefeitura\/wp-json\/wp\/v2\/posts\/24008","targetHints":{"allow":["GET"]}}],"collection":[{"href":"https:\/\/coronelxavierchaves.mg.gov.br\/prefeitura\/wp-json\/wp\/v2\/posts"}],"about":[{"href":"https:\/\/coronelxavierchaves.mg.gov.br\/prefeitura\/wp-json\/wp\/v2\/types\/post"}],"author":[{"embeddable":true,"href":"https:\/\/coronelxavierchaves.mg.gov.br\/prefeitura\/wp-json\/wp\/v2\/users\/3"}],"replies":[{"embeddable":true,"href":"https:\/\/coronelxavierchaves.mg.gov.br\/prefeitura\/wp-json\/wp\/v2\/comments?post=24008"}],"version-history":[{"count":1,"href":"https:\/\/coronelxavierchaves.mg.gov.br\/prefeitura\/wp-json\/wp\/v2\/posts\/24008\/revisions"}],"predecessor-version":[{"id":24012,"href":"https:\/\/coronelxavierchaves.mg.gov.br\/prefeitura\/wp-json\/wp\/v2\/posts\/24008\/revisions\/24012"}],"wp:featuredmedia":[{"embeddable":true,"href":"https:\/\/coronelxavierchaves.mg.gov.br\/prefeitura\/wp-json\/wp\/v2\/media\/4367"}],"wp:attachment":[{"href":"https:\/\/coronelxavierchaves.mg.gov.br\/prefeitura\/wp-json\/wp\/v2\/media?parent=24008"}],"wp:term":[{"taxonomy":"category","embeddable":true,"href":"https:\/\/coronelxavierchaves.mg.gov.br\/prefeitura\/wp-json\/wp\/v2\/categories?post=24008"},{"taxonomy":"post_tag","embeddable":true,"href":"https:\/\/coronelxavierchaves.mg.gov.br\/prefeitura\/wp-json\/wp\/v2\/tags?post=24008"}],"curies":[{"name":"wp","href":"https:\/\/api.w.org\/{rel}","templated":true}]}}