{"id":24088,"date":"2025-06-10T15:45:29","date_gmt":"2025-06-10T18:45:29","guid":{"rendered":"https:\/\/coronelxavierchaves.mg.gov.br\/prefeitura\/?p=24088"},"modified":"2025-06-10T15:45:29","modified_gmt":"2025-06-10T18:45:29","slug":"convocacao-de-reabertura-de-sessao-pl-27-2025-contratacao-de-empresa-especializada-na-prestacao-de-servicos-de-locacao-de-minigeracao-distribuida-de-energia-eletrica-de-fonte-fotovoltaica","status":"publish","type":"post","link":"https:\/\/coronelxavierchaves.mg.gov.br\/prefeitura\/2025\/06\/10\/convocacao-de-reabertura-de-sessao-pl-27-2025-contratacao-de-empresa-especializada-na-prestacao-de-servicos-de-locacao-de-minigeracao-distribuida-de-energia-eletrica-de-fonte-fotovoltaica\/","title":{"rendered":"Convoca\u00e7\u00e3o de Reabertura de Sess\u00e3o (PL 27\/2025) &#8211; Contrata\u00e7\u00e3o de empresa especializada na presta\u00e7\u00e3o de servi\u00e7os de loca\u00e7\u00e3o de minigera\u00e7\u00e3o distribu\u00edda de energia el\u00e9trica de fonte fotovoltaica"},"content":{"rendered":"<blockquote><p>DOWNLOADS<\/p><\/blockquote>\n<ul>\n<li><a href=\"https:\/\/coronelxavierchaves.mg.gov.br\/prefeitura\/wp-content\/uploads\/2025\/06\/CONVOCACAO-REABERTURA-DE-SESSAO-27-2025.pdf\">CONVOCA\u00c7\u00c3O DE REABERTURA DE SESS\u00c3O<\/a>, publicado em 10\/06\/2025 \u00e0s 15:45h.<\/li>\n<\/ul>\n<div style=\"text-align: justify;\">\n<div style=\"text-align: justify;\">\n<div style=\"text-align: justify;\">\n<div>\n<div style=\"text-align: center;\">\n<p><span style=\"color: var(--td_theme_color, #4db2ec); font-family: var(--td_default_google_font_2, 'Roboto', sans-serif); font-size: 32px; text-transform: uppercase; font-style: italic;\">OBJETO<\/span><\/p>\n<\/div>\n<div>CONTRATA\u00c7\u00c3O DE ENTIDADE ESPECIALIZADA NA INCLUS\u00c3O DE UNIDADES CONSUMIDORAS DA LICITANTE NO SISTEMA DE COMPENSA\u00c7\u00c3O DE ENERGIA EL\u00c9TRICA (SCEE) POR MEIO DE LOCA\u00c7\u00c3O DE MINIGERA\u00c7\u00c3O DISTRIBU\u00cdDA DE ENERGIA EL\u00c9TRICA DE FONTE FOTOVOLTAICA, NA MODALIDADE GERA\u00c7\u00c3O COMPARTILHADA, CONFORME LEI 14.300\/2022 E RESOLU\u00c7\u00c3O NORMATIVA ANEEL N\u00ba 1000\/2021 E 1.059\/2023.<\/div>\n<\/div>\n<div>\n<p>&nbsp;<\/p>\n<div class=\"printshowonly\">\n<p>*<b>PUBLICA\u00c7\u00c3O<\/b><\/p>\n<ul>\n<li>Um destaque desta publica\u00e7\u00e3o foi gerado na p\u00e1gina inicial do site, dispon\u00edvel at\u00e9 que demais publica\u00e7\u00f5es sejam realizadas.<\/li>\n<li>Uma publica\u00e7\u00e3o permanente foi feita na p\u00e1gina de Editais e Licita\u00e7\u00f5es.<\/li>\n<li>Link para acesso:\u00a0http:\/\/coronelxavierchaves.mg.gov.br\/prefeitura\/wp-json\/wp\/v2\/posts\/24088<\/li>\n<\/ul>\n<\/div>\n<\/div>\n<\/div>\n<div><\/div>\n<\/div>\n<\/div>\n","protected":false},"excerpt":{"rendered":"<p>DOWNLOADS CONVOCA\u00c7\u00c3O DE REABERTURA DE SESS\u00c3O, publicado em 10\/06\/2025 \u00e0s 15:45h. OBJETO CONTRATA\u00c7\u00c3O DE ENTIDADE ESPECIALIZADA NA INCLUS\u00c3O DE UNIDADES CONSUMIDORAS DA LICITANTE NO SISTEMA DE COMPENSA\u00c7\u00c3O DE ENERGIA EL\u00c9TRICA (SCEE) POR MEIO DE LOCA\u00c7\u00c3O DE MINIGERA\u00c7\u00c3O DISTRIBU\u00cdDA DE ENERGIA EL\u00c9TRICA DE FONTE FOTOVOLTAICA, NA MODALIDADE GERA\u00c7\u00c3O COMPARTILHADA, CONFORME LEI 14.300\/2022 E RESOLU\u00c7\u00c3O NORMATIVA ANEEL [&hellip;]<\/p>\n","protected":false},"author":3,"featured_media":4367,"comment_status":"closed","ping_status":"closed","sticky":false,"template":"","format":"standard","meta":{"footnotes":"","_links_to":"","_links_to_target":""},"categories":[139],"tags":[],"class_list":{"0":"post-24088","1":"post","2":"type-post","3":"status-publish","4":"format-standard","5":"has-post-thumbnail","7":"category-contratos-aditivos-atas-e-outros-2025"},"_links":{"self":[{"href":"https:\/\/coronelxavierchaves.mg.gov.br\/prefeitura\/wp-json\/wp\/v2\/posts\/24088","targetHints":{"allow":["GET"]}}],"collection":[{"href":"https:\/\/coronelxavierchaves.mg.gov.br\/prefeitura\/wp-json\/wp\/v2\/posts"}],"about":[{"href":"https:\/\/coronelxavierchaves.mg.gov.br\/prefeitura\/wp-json\/wp\/v2\/types\/post"}],"author":[{"embeddable":true,"href":"https:\/\/coronelxavierchaves.mg.gov.br\/prefeitura\/wp-json\/wp\/v2\/users\/3"}],"replies":[{"embeddable":true,"href":"https:\/\/coronelxavierchaves.mg.gov.br\/prefeitura\/wp-json\/wp\/v2\/comments?post=24088"}],"version-history":[{"count":1,"href":"https:\/\/coronelxavierchaves.mg.gov.br\/prefeitura\/wp-json\/wp\/v2\/posts\/24088\/revisions"}],"predecessor-version":[{"id":24090,"href":"https:\/\/coronelxavierchaves.mg.gov.br\/prefeitura\/wp-json\/wp\/v2\/posts\/24088\/revisions\/24090"}],"wp:featuredmedia":[{"embeddable":true,"href":"https:\/\/coronelxavierchaves.mg.gov.br\/prefeitura\/wp-json\/wp\/v2\/media\/4367"}],"wp:attachment":[{"href":"https:\/\/coronelxavierchaves.mg.gov.br\/prefeitura\/wp-json\/wp\/v2\/media?parent=24088"}],"wp:term":[{"taxonomy":"category","embeddable":true,"href":"https:\/\/coronelxavierchaves.mg.gov.br\/prefeitura\/wp-json\/wp\/v2\/categories?post=24088"},{"taxonomy":"post_tag","embeddable":true,"href":"https:\/\/coronelxavierchaves.mg.gov.br\/prefeitura\/wp-json\/wp\/v2\/tags?post=24088"}],"curies":[{"name":"wp","href":"https:\/\/api.w.org\/{rel}","templated":true}]}}