{"id":24150,"date":"2025-06-17T10:38:14","date_gmt":"2025-06-17T13:38:14","guid":{"rendered":"https:\/\/coronelxavierchaves.mg.gov.br\/prefeitura\/?p=24150"},"modified":"2025-06-17T10:38:14","modified_gmt":"2025-06-17T13:38:14","slug":"politica-publica-de-educacao-em-tempo-integral-parecer-e-ata-de-reuniao","status":"publish","type":"post","link":"https:\/\/coronelxavierchaves.mg.gov.br\/prefeitura\/2025\/06\/17\/politica-publica-de-educacao-em-tempo-integral-parecer-e-ata-de-reuniao\/","title":{"rendered":"Pol\u00edtica P\u00fablica de Educa\u00e7\u00e3o em Tempo Integral, Parecer e Ata de Reuni\u00e3o"},"content":{"rendered":"<ul>\n<li style=\"list-style-type: none;\">\n<ul>\n<li><a href=\"https:\/\/coronelxavierchaves.mg.gov.br\/prefeitura\/wp-content\/uploads\/2025\/06\/Poitica-Municipal-de-Educacao-emTempo-Integral-2025.pdf\">POL\u00cdTICA MUNICIPAL DE EDUCA\u00c7\u00c3O EM TEMPO INTREGAL<\/a>, publicado em 17\/06\/2025 \u00e0s 10:37h.<\/li>\n<li><a href=\"https:\/\/coronelxavierchaves.mg.gov.br\/prefeitura\/wp-content\/uploads\/2025\/06\/Ata-de-reuniao-para-aprovacao-da-Politica-do-tempo-Integral-2025.pdf\">ATA DE REUNI\u00c3O DO CONELHO MUNICIPAL DE EDUCA\u00c7\u00c3O N\u00ba. 29<\/a>, publicado em 17\/06\/2025 \u00e0s 10:37h.<\/li>\n<li><a href=\"https:\/\/coronelxavierchaves.mg.gov.br\/prefeitura\/wp-content\/uploads\/2025\/06\/Parecer-CME-acerca-da-Politica-de-Tempo-Integral-2025.pdf\">PARECER N\u00ba. 001\/2025 &#8211; CONSELHO MUNICIPAL DE EDUCA\u00c7\u00c3O<\/a>, publicado em 17\/06\/2025 \u00e0s 10:37h.<\/li>\n<\/ul>\n<\/li>\n<\/ul>\n","protected":false},"excerpt":{"rendered":"<p>POL\u00cdTICA MUNICIPAL DE EDUCA\u00c7\u00c3O EM TEMPO INTREGAL, publicado em 17\/06\/2025 \u00e0s 10:37h. ATA DE REUNI\u00c3O DO CONELHO MUNICIPAL DE EDUCA\u00c7\u00c3O N\u00ba. 29, publicado em 17\/06\/2025 \u00e0s 10:37h. PARECER N\u00ba. 001\/2025 &#8211; CONSELHO MUNICIPAL DE EDUCA\u00c7\u00c3O, publicado em 17\/06\/2025 \u00e0s 10:37h.<\/p>\n","protected":false},"author":3,"featured_media":4367,"comment_status":"closed","ping_status":"closed","sticky":false,"template":"","format":"standard","meta":{"footnotes":"","_links_to":"","_links_to_target":""},"categories":[151],"tags":[],"class_list":{"0":"post-24150","1":"post","2":"type-post","3":"status-publish","4":"format-standard","5":"has-post-thumbnail","7":"category-secretaria-de-educacao"},"_links":{"self":[{"href":"https:\/\/coronelxavierchaves.mg.gov.br\/prefeitura\/wp-json\/wp\/v2\/posts\/24150","targetHints":{"allow":["GET"]}}],"collection":[{"href":"https:\/\/coronelxavierchaves.mg.gov.br\/prefeitura\/wp-json\/wp\/v2\/posts"}],"about":[{"href":"https:\/\/coronelxavierchaves.mg.gov.br\/prefeitura\/wp-json\/wp\/v2\/types\/post"}],"author":[{"embeddable":true,"href":"https:\/\/coronelxavierchaves.mg.gov.br\/prefeitura\/wp-json\/wp\/v2\/users\/3"}],"replies":[{"embeddable":true,"href":"https:\/\/coronelxavierchaves.mg.gov.br\/prefeitura\/wp-json\/wp\/v2\/comments?post=24150"}],"version-history":[{"count":1,"href":"https:\/\/coronelxavierchaves.mg.gov.br\/prefeitura\/wp-json\/wp\/v2\/posts\/24150\/revisions"}],"predecessor-version":[{"id":24154,"href":"https:\/\/coronelxavierchaves.mg.gov.br\/prefeitura\/wp-json\/wp\/v2\/posts\/24150\/revisions\/24154"}],"wp:featuredmedia":[{"embeddable":true,"href":"https:\/\/coronelxavierchaves.mg.gov.br\/prefeitura\/wp-json\/wp\/v2\/media\/4367"}],"wp:attachment":[{"href":"https:\/\/coronelxavierchaves.mg.gov.br\/prefeitura\/wp-json\/wp\/v2\/media?parent=24150"}],"wp:term":[{"taxonomy":"category","embeddable":true,"href":"https:\/\/coronelxavierchaves.mg.gov.br\/prefeitura\/wp-json\/wp\/v2\/categories?post=24150"},{"taxonomy":"post_tag","embeddable":true,"href":"https:\/\/coronelxavierchaves.mg.gov.br\/prefeitura\/wp-json\/wp\/v2\/tags?post=24150"}],"curies":[{"name":"wp","href":"https:\/\/api.w.org\/{rel}","templated":true}]}}