{"id":24174,"date":"2025-06-17T15:10:27","date_gmt":"2025-06-17T18:10:27","guid":{"rendered":"https:\/\/coronelxavierchaves.mg.gov.br\/prefeitura\/?p=24174"},"modified":"2025-06-17T15:10:27","modified_gmt":"2025-06-17T18:10:27","slug":"1o-termo-aditivo-de-registro-de-precos-pl-65-2024-registro-de-preco-para-futura-e-eventual-aquisicao-de-racao-animal-para-atendimento-de-caes-em-condicao-de-vulnerabilidade-e-ou-abandonados","status":"publish","type":"post","link":"https:\/\/coronelxavierchaves.mg.gov.br\/prefeitura\/2025\/06\/17\/1o-termo-aditivo-de-registro-de-precos-pl-65-2024-registro-de-preco-para-futura-e-eventual-aquisicao-de-racao-animal-para-atendimento-de-caes-em-condicao-de-vulnerabilidade-e-ou-abandonados\/","title":{"rendered":"1\u00ba Termo Aditivo de registro de pre\u00e7os (PL 65\/2024) &#8211; Registro de pre\u00e7o para futura e eventual aquisi\u00e7\u00e3o de ra\u00e7\u00e3o animal, para atendimento de c\u00e3es em condi\u00e7\u00e3o de vulnerabilidade e\/ou abandonados"},"content":{"rendered":"<blockquote><p>DOWNLOADS<\/p><\/blockquote>\n<ul>\n<li><a href=\"https:\/\/coronelxavierchaves.mg.gov.br\/prefeitura\/wp-content\/uploads\/2025\/06\/1o-TA-ARP-DNS-65-2024.pdf\">1\u00ba TERMO ADITIVO DE REGISTRO DE PRE\u00c7OS<\/a>, publicado em 17\/06\/2025 \u00e0s 15:10h.<\/li>\n<\/ul>\n<blockquote><p>OBJETO<\/p><\/blockquote>\n<div style=\"text-align: justify;\">\n<div style=\"text-align: justify;\">\n<p><b>REGISTRO DE PRE\u00c7O PARA FUTURA E EVENTUAL AQUISI\u00c7\u00c3O DE RA\u00c7\u00c3O ANIMAL, PARA ATENDIMENTO DE C\u00c3ES EM CONDI\u00c7\u00c3O DE VULNERABILIDADE E\/OU ABANDONADOS, EM ACOLHIMENTO NO MUNIC\u00cdPIO DE CORONEL XAVIER CHAVES\/<\/b><b>\/MG.\u00a0<\/b><\/p>\n<p>&nbsp;<\/p>\n<\/div>\n<\/div>\n<div class=\"printshowonly\">\n<p>*<b>PUBLICA\u00c7\u00c3O<\/b><\/p>\n<ul>\n<li>Um destaque desta publica\u00e7\u00e3o foi gerado na p\u00e1gina inicial do site, dispon\u00edvel at\u00e9 que demais publica\u00e7\u00f5es sejam realizadas.<\/li>\n<li>Uma publica\u00e7\u00e3o permanente foi feita na p\u00e1gina de Editais e Licita\u00e7\u00f5es.<\/li>\n<li>Link para acesso:http:\/\/coronelxavierchaves.mg.gov.br\/prefeitura\/wp-json\/wp\/v2\/posts\/24174<\/li>\n<\/ul>\n<\/div>\n","protected":false},"excerpt":{"rendered":"<p>DOWNLOADS 1\u00ba TERMO ADITIVO DE REGISTRO DE PRE\u00c7OS, publicado em 17\/06\/2025 \u00e0s 15:10h. OBJETO REGISTRO DE PRE\u00c7O PARA FUTURA E EVENTUAL AQUISI\u00c7\u00c3O DE RA\u00c7\u00c3O ANIMAL, PARA ATENDIMENTO DE C\u00c3ES EM CONDI\u00c7\u00c3O DE VULNERABILIDADE E\/OU ABANDONADOS, EM ACOLHIMENTO NO MUNIC\u00cdPIO DE CORONEL XAVIER CHAVES\/\/MG.\u00a0 &nbsp; *PUBLICA\u00c7\u00c3O Um destaque desta publica\u00e7\u00e3o foi gerado na p\u00e1gina inicial do [&hellip;]<\/p>\n","protected":false},"author":3,"featured_media":4367,"comment_status":"closed","ping_status":"closed","sticky":false,"template":"","format":"standard","meta":{"footnotes":"","_links_to":"","_links_to_target":""},"categories":[139],"tags":[],"class_list":{"0":"post-24174","1":"post","2":"type-post","3":"status-publish","4":"format-standard","5":"has-post-thumbnail","7":"category-contratos-aditivos-atas-e-outros-2025"},"_links":{"self":[{"href":"https:\/\/coronelxavierchaves.mg.gov.br\/prefeitura\/wp-json\/wp\/v2\/posts\/24174","targetHints":{"allow":["GET"]}}],"collection":[{"href":"https:\/\/coronelxavierchaves.mg.gov.br\/prefeitura\/wp-json\/wp\/v2\/posts"}],"about":[{"href":"https:\/\/coronelxavierchaves.mg.gov.br\/prefeitura\/wp-json\/wp\/v2\/types\/post"}],"author":[{"embeddable":true,"href":"https:\/\/coronelxavierchaves.mg.gov.br\/prefeitura\/wp-json\/wp\/v2\/users\/3"}],"replies":[{"embeddable":true,"href":"https:\/\/coronelxavierchaves.mg.gov.br\/prefeitura\/wp-json\/wp\/v2\/comments?post=24174"}],"version-history":[{"count":1,"href":"https:\/\/coronelxavierchaves.mg.gov.br\/prefeitura\/wp-json\/wp\/v2\/posts\/24174\/revisions"}],"predecessor-version":[{"id":24176,"href":"https:\/\/coronelxavierchaves.mg.gov.br\/prefeitura\/wp-json\/wp\/v2\/posts\/24174\/revisions\/24176"}],"wp:featuredmedia":[{"embeddable":true,"href":"https:\/\/coronelxavierchaves.mg.gov.br\/prefeitura\/wp-json\/wp\/v2\/media\/4367"}],"wp:attachment":[{"href":"https:\/\/coronelxavierchaves.mg.gov.br\/prefeitura\/wp-json\/wp\/v2\/media?parent=24174"}],"wp:term":[{"taxonomy":"category","embeddable":true,"href":"https:\/\/coronelxavierchaves.mg.gov.br\/prefeitura\/wp-json\/wp\/v2\/categories?post=24174"},{"taxonomy":"post_tag","embeddable":true,"href":"https:\/\/coronelxavierchaves.mg.gov.br\/prefeitura\/wp-json\/wp\/v2\/tags?post=24174"}],"curies":[{"name":"wp","href":"https:\/\/api.w.org\/{rel}","templated":true}]}}