{"id":24194,"date":"2025-06-17T15:50:10","date_gmt":"2025-06-17T18:50:10","guid":{"rendered":"https:\/\/coronelxavierchaves.mg.gov.br\/prefeitura\/?p=24194"},"modified":"2025-06-17T15:50:10","modified_gmt":"2025-06-17T18:50:10","slug":"atas-de-registro-de-precos-pl-54-2025-registro-de-precos-para-aquisicao-de-moveis-brinquedos-eletrodomesticos-e-itens-afins-com-o-objetivo-de-atender-as-necessidades-da-camara-municipal","status":"publish","type":"post","link":"https:\/\/coronelxavierchaves.mg.gov.br\/prefeitura\/2025\/06\/17\/atas-de-registro-de-precos-pl-54-2025-registro-de-precos-para-aquisicao-de-moveis-brinquedos-eletrodomesticos-e-itens-afins-com-o-objetivo-de-atender-as-necessidades-da-camara-municipal\/","title":{"rendered":"Atas de registro de pre\u00e7os (PL 54\/2025) &#8211; Registro De Pre\u00e7os Para Aquisi\u00e7\u00e3o De M\u00f3veis, Brinquedos, Eletrodom\u00e9sticos E Itens Afins, Com O Objetivo De Atender \u00c0s Necessidades Da C\u00e2mara Municipal&#8230;"},"content":{"rendered":"<blockquote><p>DOWNLOADS<\/p><\/blockquote>\n<ul>\n<li><a href=\"https:\/\/coronelxavierchaves.mg.gov.br\/prefeitura\/wp-content\/uploads\/2025\/06\/ARP-BRUNO-54-2025.pdf\">ATA DE REGISTRO DE PRE\u00c7OS: BRUNO<\/a>, publicado em 17\/06\/2025 \u00e0s 15:50h<\/li>\n<li><a href=\"https:\/\/coronelxavierchaves.mg.gov.br\/prefeitura\/wp-content\/uploads\/2025\/06\/ARP-FOUR-54-2025.pdf\">ATA DE REGISTRO DE PRE\u00c7OS: FOUR<\/a>, publicado em 17\/06\/2025 \u00e0s 15:50h.<\/li>\n<li><a href=\"https:\/\/coronelxavierchaves.mg.gov.br\/prefeitura\/wp-content\/uploads\/2025\/06\/ARP-GB-GIRO-54-2025.pdf\">ATA DE REGISTRO DE PRE\u00c7OS: GB GIRO<\/a>, publicado em 17\/06\/2025 \u00e0s 15:50h.<\/li>\n<li><a href=\"https:\/\/coronelxavierchaves.mg.gov.br\/prefeitura\/wp-content\/uploads\/2025\/06\/ARP-SUDESTE-54-2025.pdf\">ATA DE REGISTRO DE PRE\u00c7OS: SUDESTE<\/a>, publicado em 17\/06\/2025 \u00e0s 15:50h.<\/li>\n<li><a href=\"https:\/\/coronelxavierchaves.mg.gov.br\/prefeitura\/wp-content\/uploads\/2025\/06\/ARP-WCA-54-2025.pdf\">ATA DE REGISTRO DE PRE\u00c7OS: WCA<\/a>, publicado em 17\/06\/2025 \u00e0s 15:50h.<\/li>\n<\/ul>\n<blockquote><p>OBJETO<\/p><\/blockquote>\n<div style=\"text-align: justify;\">\n<div style=\"text-align: justify;\"><b>REGISTRO DE PRE\u00c7OS PARA AQUISI\u00c7\u00c3O DE M\u00d3VEIS, BRINQUEDOS, ELETRODOM\u00c9STICOS E ITENS AFINS, COM O OBJETIVO DE ATENDER \u00c0S NECESSIDADES DA C\u00c2MARA MUNICIPAL E DAS SECRETARIAS DA PREFEITURA DE CORONEL XAVIER CHAVES\/MG.<\/b><\/div>\n<div>\n<p>&nbsp;<\/p>\n<div>\n<p>*<b>PUBLICA\u00c7\u00c3O<\/b><\/p>\n<ul>\n<li>Um destaque desta publica\u00e7\u00e3o foi gerado na p\u00e1gina inicial do site, dispon\u00edvel at\u00e9 que demais publica\u00e7\u00f5es sejam realizadas.<\/li>\n<li>Uma publica\u00e7\u00e3o permanente foi feita na p\u00e1gina de Editais e Licita\u00e7\u00f5es.<\/li>\n<li>Link para acesso:\u00a0http:\/\/coronelxavierchaves.mg.gov.br\/prefeitura\/wp-json\/wp\/v2\/posts\/24194<\/li>\n<\/ul>\n<\/div>\n<\/div>\n<\/div>\n","protected":false},"excerpt":{"rendered":"<p>DOWNLOADS ATA DE REGISTRO DE PRE\u00c7OS: BRUNO, publicado em 17\/06\/2025 \u00e0s 15:50h ATA DE REGISTRO DE PRE\u00c7OS: FOUR, publicado em 17\/06\/2025 \u00e0s 15:50h. ATA DE REGISTRO DE PRE\u00c7OS: GB GIRO, publicado em 17\/06\/2025 \u00e0s 15:50h. ATA DE REGISTRO DE PRE\u00c7OS: SUDESTE, publicado em 17\/06\/2025 \u00e0s 15:50h. ATA DE REGISTRO DE PRE\u00c7OS: WCA, publicado em 17\/06\/2025 [&hellip;]<\/p>\n","protected":false},"author":3,"featured_media":4367,"comment_status":"closed","ping_status":"closed","sticky":false,"template":"","format":"standard","meta":{"footnotes":"","_links_to":"","_links_to_target":""},"categories":[139],"tags":[],"class_list":{"0":"post-24194","1":"post","2":"type-post","3":"status-publish","4":"format-standard","5":"has-post-thumbnail","7":"category-contratos-aditivos-atas-e-outros-2025"},"_links":{"self":[{"href":"https:\/\/coronelxavierchaves.mg.gov.br\/prefeitura\/wp-json\/wp\/v2\/posts\/24194","targetHints":{"allow":["GET"]}}],"collection":[{"href":"https:\/\/coronelxavierchaves.mg.gov.br\/prefeitura\/wp-json\/wp\/v2\/posts"}],"about":[{"href":"https:\/\/coronelxavierchaves.mg.gov.br\/prefeitura\/wp-json\/wp\/v2\/types\/post"}],"author":[{"embeddable":true,"href":"https:\/\/coronelxavierchaves.mg.gov.br\/prefeitura\/wp-json\/wp\/v2\/users\/3"}],"replies":[{"embeddable":true,"href":"https:\/\/coronelxavierchaves.mg.gov.br\/prefeitura\/wp-json\/wp\/v2\/comments?post=24194"}],"version-history":[{"count":1,"href":"https:\/\/coronelxavierchaves.mg.gov.br\/prefeitura\/wp-json\/wp\/v2\/posts\/24194\/revisions"}],"predecessor-version":[{"id":24200,"href":"https:\/\/coronelxavierchaves.mg.gov.br\/prefeitura\/wp-json\/wp\/v2\/posts\/24194\/revisions\/24200"}],"wp:featuredmedia":[{"embeddable":true,"href":"https:\/\/coronelxavierchaves.mg.gov.br\/prefeitura\/wp-json\/wp\/v2\/media\/4367"}],"wp:attachment":[{"href":"https:\/\/coronelxavierchaves.mg.gov.br\/prefeitura\/wp-json\/wp\/v2\/media?parent=24194"}],"wp:term":[{"taxonomy":"category","embeddable":true,"href":"https:\/\/coronelxavierchaves.mg.gov.br\/prefeitura\/wp-json\/wp\/v2\/categories?post=24194"},{"taxonomy":"post_tag","embeddable":true,"href":"https:\/\/coronelxavierchaves.mg.gov.br\/prefeitura\/wp-json\/wp\/v2\/tags?post=24194"}],"curies":[{"name":"wp","href":"https:\/\/api.w.org\/{rel}","templated":true}]}}