{"id":24207,"date":"2025-06-17T15:58:14","date_gmt":"2025-06-17T18:58:14","guid":{"rendered":"https:\/\/coronelxavierchaves.mg.gov.br\/prefeitura\/?p=24207"},"modified":"2025-06-17T15:58:14","modified_gmt":"2025-06-17T18:58:14","slug":"contrato-direto-contratacao-de-empresa-especializada-para-a-realizacao-de-exames-complementares-ocupacionais-para-atender-o-processo-seletivo-destinado-a-composicao-da-brigada-de-incendio","status":"publish","type":"post","link":"https:\/\/coronelxavierchaves.mg.gov.br\/prefeitura\/2025\/06\/17\/contrato-direto-contratacao-de-empresa-especializada-para-a-realizacao-de-exames-complementares-ocupacionais-para-atender-o-processo-seletivo-destinado-a-composicao-da-brigada-de-incendio\/","title":{"rendered":"Contrato Direto: Contrata\u00e7\u00e3o de empresa especializada para a realiza\u00e7\u00e3o de exames complementares ocupacionais, para atender o processo seletivo destinado \u00e0 composi\u00e7\u00e3o da Brigada de Inc\u00eandio"},"content":{"rendered":"<blockquote><p>DOWNLOADS<\/p><\/blockquote>\n<ul>\n<li><a href=\"https:\/\/coronelxavierchaves.mg.gov.br\/prefeitura\/wp-content\/uploads\/2025\/06\/CONTRATO-BRIGADISTAS-2025.pdf\">CONTRATO<\/a>, publicado em 17\/06\/2025 \u00e0s 15:58h.<\/li>\n<\/ul>\n<blockquote><p>OBJETO<\/p><\/blockquote>\n<div style=\"text-align: justify;\">\n<div style=\"text-align: justify;\">\n<div style=\"text-align: justify;\">Contrata\u00e7\u00e3o de empresa especializada para a realiza\u00e7\u00e3o de exames complementares ocupacionais, com a finalidade de subsidiar o processo seletivo destinado \u00e0 composi\u00e7\u00e3o da Brigada de Inc\u00eandio formada por servidores municipais, institu\u00edda pela Lei Municipal n\u00ba 1.436\/2023.<\/div>\n<\/div>\n<\/div>\n","protected":false},"excerpt":{"rendered":"<p>DOWNLOADS CONTRATO, publicado em 17\/06\/2025 \u00e0s 15:58h. OBJETO Contrata\u00e7\u00e3o de empresa especializada para a realiza\u00e7\u00e3o de exames complementares ocupacionais, com a finalidade de subsidiar o processo seletivo destinado \u00e0 composi\u00e7\u00e3o da Brigada de Inc\u00eandio formada por servidores municipais, institu\u00edda pela Lei Municipal n\u00ba 1.436\/2023.<\/p>\n","protected":false},"author":3,"featured_media":4367,"comment_status":"closed","ping_status":"closed","sticky":false,"template":"","format":"standard","meta":{"footnotes":"","_links_to":"","_links_to_target":""},"categories":[139],"tags":[],"class_list":{"0":"post-24207","1":"post","2":"type-post","3":"status-publish","4":"format-standard","5":"has-post-thumbnail","7":"category-contratos-aditivos-atas-e-outros-2025"},"_links":{"self":[{"href":"https:\/\/coronelxavierchaves.mg.gov.br\/prefeitura\/wp-json\/wp\/v2\/posts\/24207","targetHints":{"allow":["GET"]}}],"collection":[{"href":"https:\/\/coronelxavierchaves.mg.gov.br\/prefeitura\/wp-json\/wp\/v2\/posts"}],"about":[{"href":"https:\/\/coronelxavierchaves.mg.gov.br\/prefeitura\/wp-json\/wp\/v2\/types\/post"}],"author":[{"embeddable":true,"href":"https:\/\/coronelxavierchaves.mg.gov.br\/prefeitura\/wp-json\/wp\/v2\/users\/3"}],"replies":[{"embeddable":true,"href":"https:\/\/coronelxavierchaves.mg.gov.br\/prefeitura\/wp-json\/wp\/v2\/comments?post=24207"}],"version-history":[{"count":1,"href":"https:\/\/coronelxavierchaves.mg.gov.br\/prefeitura\/wp-json\/wp\/v2\/posts\/24207\/revisions"}],"predecessor-version":[{"id":24209,"href":"https:\/\/coronelxavierchaves.mg.gov.br\/prefeitura\/wp-json\/wp\/v2\/posts\/24207\/revisions\/24209"}],"wp:featuredmedia":[{"embeddable":true,"href":"https:\/\/coronelxavierchaves.mg.gov.br\/prefeitura\/wp-json\/wp\/v2\/media\/4367"}],"wp:attachment":[{"href":"https:\/\/coronelxavierchaves.mg.gov.br\/prefeitura\/wp-json\/wp\/v2\/media?parent=24207"}],"wp:term":[{"taxonomy":"category","embeddable":true,"href":"https:\/\/coronelxavierchaves.mg.gov.br\/prefeitura\/wp-json\/wp\/v2\/categories?post=24207"},{"taxonomy":"post_tag","embeddable":true,"href":"https:\/\/coronelxavierchaves.mg.gov.br\/prefeitura\/wp-json\/wp\/v2\/tags?post=24207"}],"curies":[{"name":"wp","href":"https:\/\/api.w.org\/{rel}","templated":true}]}}