{"id":24214,"date":"2025-06-17T16:10:07","date_gmt":"2025-06-17T19:10:07","guid":{"rendered":"https:\/\/coronelxavierchaves.mg.gov.br\/prefeitura\/?p=24214"},"modified":"2025-06-17T16:10:53","modified_gmt":"2025-06-17T19:10:53","slug":"contrato-direto-contratacao-de-empresa-especializada-para-prestacao-de-servicos-de-pavimentacao-asfaltica-em-cbuq-e-em-pedra-micro-revestimento-recapeamento-tapa-buraco-drenagem-galerias-e-cont","status":"publish","type":"post","link":"https:\/\/coronelxavierchaves.mg.gov.br\/prefeitura\/2025\/06\/17\/contrato-direto-contratacao-de-empresa-especializada-para-prestacao-de-servicos-de-pavimentacao-asfaltica-em-cbuq-e-em-pedra-micro-revestimento-recapeamento-tapa-buraco-drenagem-galerias-e-cont\/","title":{"rendered":"Contrato Direto: Contrata\u00e7\u00e3o de empresa especializada para presta\u00e7\u00e3o de servi\u00e7os de pavimenta\u00e7\u00e3o asf\u00e1ltica em CBUQ e em pedra, micro revestimento, recapeamento, tapa buraco, drenagem, galerias e conten\u00e7\u00e3o &#8211; LOREDO"},"content":{"rendered":"<blockquote><p>DOWNLOADS<\/p><\/blockquote>\n<ul>\n<li><a href=\"https:\/\/coronelxavierchaves.mg.gov.br\/prefeitura\/wp-content\/uploads\/2025\/06\/CONTRATO-LOREDO-TAPA-BURACO.pdf\">CONTRATO<\/a>, publicado em 17\/06\/2025 \u00e0s 16:10h.<\/li>\n<\/ul>\n<blockquote><p>OBJETO<\/p><\/blockquote>\n<div style=\"text-align: justify;\">\n<div style=\"text-align: justify;\">\n<div style=\"text-align: justify;\"><b>Contrata\u00e7\u00e3o de empresa especializada para presta\u00e7\u00e3o de servi\u00e7os de pavimenta\u00e7\u00e3o asf\u00e1ltica em CBUQ\u00a0e\u00a0em\u00a0pedra,\u00a0micro\u00a0revesti<wbr \/>mento,\u00a0recapeamento,\u00a0tapa\u00a0bura<wbr \/>co,\u00a0drenagem,\u00a0galerias\u00a0e\u00a0conte<wbr \/>n\u00e7\u00e3o\u00a0em atendimento\u00a0\u00e0\u00a0demanda\u00a0dos\u00a0muni<wbr \/>c\u00edpios\u00a0consorciados\u00a0ao\u00a0CIGEDAS<wbr \/>\u00a0Vertentes,\u00a0nas\u00a0condi\u00e7\u00f5es\u00a0defi<wbr \/>nidas no ato convocat\u00f3rio, seus anexos e propostas de pre\u00e7os, os quais integram este instrumento independente de transcri\u00e7\u00e3o.<\/b><\/div>\n<\/div>\n<\/div>\n","protected":false},"excerpt":{"rendered":"<p>DOWNLOADS CONTRATO, publicado em 17\/06\/2025 \u00e0s 16:10h. OBJETO Contrata\u00e7\u00e3o de empresa especializada para presta\u00e7\u00e3o de servi\u00e7os de pavimenta\u00e7\u00e3o asf\u00e1ltica em CBUQ\u00a0e\u00a0em\u00a0pedra,\u00a0micro\u00a0revestimento,\u00a0recapeamento,\u00a0tapa\u00a0buraco,\u00a0drenagem,\u00a0galerias\u00a0e\u00a0conten\u00e7\u00e3o\u00a0em atendimento\u00a0\u00e0\u00a0demanda\u00a0dos\u00a0munic\u00edpios\u00a0consorciados\u00a0ao\u00a0CIGEDAS\u00a0Vertentes,\u00a0nas\u00a0condi\u00e7\u00f5es\u00a0definidas no ato convocat\u00f3rio, seus anexos e propostas de pre\u00e7os, os quais integram este instrumento independente de transcri\u00e7\u00e3o.<\/p>\n","protected":false},"author":3,"featured_media":4367,"comment_status":"closed","ping_status":"closed","sticky":false,"template":"","format":"standard","meta":{"footnotes":"","_links_to":"","_links_to_target":""},"categories":[139],"tags":[],"class_list":{"0":"post-24214","1":"post","2":"type-post","3":"status-publish","4":"format-standard","5":"has-post-thumbnail","7":"category-contratos-aditivos-atas-e-outros-2025"},"_links":{"self":[{"href":"https:\/\/coronelxavierchaves.mg.gov.br\/prefeitura\/wp-json\/wp\/v2\/posts\/24214","targetHints":{"allow":["GET"]}}],"collection":[{"href":"https:\/\/coronelxavierchaves.mg.gov.br\/prefeitura\/wp-json\/wp\/v2\/posts"}],"about":[{"href":"https:\/\/coronelxavierchaves.mg.gov.br\/prefeitura\/wp-json\/wp\/v2\/types\/post"}],"author":[{"embeddable":true,"href":"https:\/\/coronelxavierchaves.mg.gov.br\/prefeitura\/wp-json\/wp\/v2\/users\/3"}],"replies":[{"embeddable":true,"href":"https:\/\/coronelxavierchaves.mg.gov.br\/prefeitura\/wp-json\/wp\/v2\/comments?post=24214"}],"version-history":[{"count":2,"href":"https:\/\/coronelxavierchaves.mg.gov.br\/prefeitura\/wp-json\/wp\/v2\/posts\/24214\/revisions"}],"predecessor-version":[{"id":24217,"href":"https:\/\/coronelxavierchaves.mg.gov.br\/prefeitura\/wp-json\/wp\/v2\/posts\/24214\/revisions\/24217"}],"wp:featuredmedia":[{"embeddable":true,"href":"https:\/\/coronelxavierchaves.mg.gov.br\/prefeitura\/wp-json\/wp\/v2\/media\/4367"}],"wp:attachment":[{"href":"https:\/\/coronelxavierchaves.mg.gov.br\/prefeitura\/wp-json\/wp\/v2\/media?parent=24214"}],"wp:term":[{"taxonomy":"category","embeddable":true,"href":"https:\/\/coronelxavierchaves.mg.gov.br\/prefeitura\/wp-json\/wp\/v2\/categories?post=24214"},{"taxonomy":"post_tag","embeddable":true,"href":"https:\/\/coronelxavierchaves.mg.gov.br\/prefeitura\/wp-json\/wp\/v2\/tags?post=24214"}],"curies":[{"name":"wp","href":"https:\/\/api.w.org\/{rel}","templated":true}]}}